{"id":5765,"date":"2025-04-09T09:29:53","date_gmt":"2025-04-09T09:29:53","guid":{"rendered":"https:\/\/brandkind.fi\/?p=5765"},"modified":"2025-04-09T09:29:53","modified_gmt":"2025-04-09T09:29:53","slug":"papula-nevinpat-valitsi-brandkindin-luovaksi-kumppanikseen","status":"publish","type":"post","link":"https:\/\/brandkind.fi\/fi\/uutiset\/papula-nevinpat-valitsi-brandkindin-luovaksi-kumppanikseen\/","title":{"rendered":"Papula-Nevinpat valitsi Brandkindin luovaksi kumppanikseen"},"content":{"rendered":"\n<p>\u201dOlemme innoissamme saadessamme tuoda br\u00e4ndiosaamistamme osaksi Papula-Nevinpatin strategista uudistusta,\u201d sanoo Brandkindin toimitusjohtaja <strong>Marja Peltola<\/strong>.<\/p>\n\n\n\n<p>\u201dValitsimme Brandkindin, koska heid\u00e4n n\u00e4kemyksellisyytens\u00e4 ja vahva kokemuksensa br\u00e4ndin kehitt\u00e4misest\u00e4 vakuuttivat meid\u00e4t,\u201d kertoo <strong>Marika Kojo<\/strong>, Papula-Nevinpatin viestint\u00e4p\u00e4\u00e4llikk\u00f6.<\/p>\n\n\n\n<p>Brandkind on jo luonut Papula-Nevinpatille n\u00e4ytt\u00e4v\u00e4n visuaalisen ilmeen juhlavuoden kunniaksi, ja yhteisty\u00f6 jatkuu br\u00e4ndin ja verkkon\u00e4kyvyyden kehitt\u00e4misen parissa.<\/p>\n\n\n\n<p><\/p>\n","protected":false},"excerpt":{"rendered":"<p>\u201dOlemme innoissamme saadessamme tuoda br\u00e4ndiosaamistamme osaksi Papula-Nevinpatin strategista uudistusta,\u201d sanoo Brandkindin toimitusjohtaja Marja Peltola. \u201dValitsimme Brandkindin, koska heid\u00e4n n\u00e4kemyksellisyytens\u00e4 ja vahva kokemuksensa br\u00e4ndin kehitt\u00e4misest\u00e4 vakuuttivat meid\u00e4t,\u201d kertoo Marika Kojo, Papula-Nevinpatin viestint\u00e4p\u00e4\u00e4llikk\u00f6. Brandkind on jo luonut Papula-Nevinpatille n\u00e4ytt\u00e4v\u00e4n visuaalisen ilmeen juhlavuoden kunniaksi, ja yhteisty\u00f6 jatkuu br\u00e4ndin ja verkkon\u00e4kyvyyden kehitt\u00e4misen parissa. [&#8230;]<\/p>\n<p><a class=\"btn btn-secondary understrap-read-more-link\" href=\"https:\/\/brandkind.fi\/fi\/uutiset\/papula-nevinpat-valitsi-brandkindin-luovaksi-kumppanikseen\/\">Lue lis\u00e4\u00e4&#8230;<span class=\"screen-reader-text\"> from Papula-Nevinpat valitsi Brandkindin luovaksi kumppanikseen<\/span><\/a><\/p>\n","protected":false},"author":1,"featured_media":5771,"comment_status":"closed","ping_status":"open","sticky":false,"template":"","format":"standard","meta":{"_improvement_type_select":"improve_an_existing","_thumb_yes_seoaic":false,"_frame_yes_seoaic":false,"seoaic_generate_description":"","seoaic_improve_instructions_prompt":"","seoaic_rollback_content_improvement":"","seoaic_idea_thumbnail_generator":"","thumbnail_generated":false,"thumbnail_generate_prompt":"","seoaic_article_description":"","_monsterinsights_skip_tracking":false,"_monsterinsights_sitenote_active":false,"_monsterinsights_sitenote_note":"","_monsterinsights_sitenote_category":0,"seoaic_article_subtitles":[],"footnotes":""},"categories":[47],"tags":[],"class_list":["post-5765","post","type-post","status-publish","format-standard","has-post-thumbnail","hentry","category-uutiset"],"acf":[],"yoast_head":"<!-- This site is optimized with the Yoast SEO plugin v27.5 - https:\/\/yoast.com\/product\/yoast-seo-wordpress\/ -->\n<title>Papula-Nevinpat valitsi Brandkindin luovaksi kumppanikseen &#8211; Brandkind<\/title>\n<meta name=\"description\" content=\"IPR-toimisto Papula-Nevinpat on valinnut Brandkindin kumppanikseen br\u00e4ndinkirkastukseen ja verkkosivustouudistukseen.\" \/>\n<meta name=\"robots\" content=\"index, follow, max-snippet:-1, max-image-preview:large, max-video-preview:-1\" \/>\n<link rel=\"canonical\" href=\"https:\/\/brandkind.fi\/fi\/uutiset\/papula-nevinpat-valitsi-brandkindin-luovaksi-kumppanikseen\/\" \/>\n<meta property=\"og:locale\" content=\"fi_FI\" \/>\n<meta property=\"og:type\" content=\"article\" \/>\n<meta property=\"og:title\" content=\"Papula-Nevinpat valitsi Brandkindin luovaksi kumppanikseen &#8211; Brandkind\" \/>\n<meta property=\"og:description\" content=\"IPR-toimisto Papula-Nevinpat on valinnut Brandkindin kumppanikseen br\u00e4ndinkirkastukseen ja verkkosivustouudistukseen.\" \/>\n<meta property=\"og:url\" content=\"https:\/\/brandkind.fi\/fi\/uutiset\/papula-nevinpat-valitsi-brandkindin-luovaksi-kumppanikseen\/\" \/>\n<meta property=\"og:site_name\" content=\"Brandkind\" \/>\n<meta property=\"article:publisher\" content=\"https:\/\/www.facebook.com\/brandkind\/\" \/>\n<meta property=\"article:published_time\" content=\"2025-04-09T09:29:53+00:00\" \/>\n<meta property=\"og:image\" content=\"https:\/\/brandkind.fi\/wp-content\/uploads\/2025\/04\/BK_Papula-Nevinpat-Blog_Image_2025.png\" \/>\n\t<meta property=\"og:image:width\" content=\"1920\" \/>\n\t<meta property=\"og:image:height\" content=\"1080\" \/>\n\t<meta property=\"og:image:type\" content=\"image\/png\" \/>\n<meta name=\"author\" content=\"BK-yllapito\" \/>\n<meta name=\"twitter:card\" content=\"summary_large_image\" \/>\n<meta name=\"twitter:label1\" content=\"Kirjoittanut\" \/>\n\t<meta name=\"twitter:data1\" content=\"BK-yllapito\" \/>\n\t<meta name=\"twitter:label2\" content=\"Arvioitu lukuaika\" \/>\n\t<meta name=\"twitter:data2\" content=\"1 minuutti\" \/>\n<script type=\"application\/ld+json\" class=\"yoast-schema-graph\">{\"@context\":\"https:\\\/\\\/schema.org\",\"@graph\":[{\"@type\":\"Article\",\"@id\":\"https:\\\/\\\/brandkind.fi\\\/fi\\\/uutiset\\\/papula-nevinpat-valitsi-brandkindin-luovaksi-kumppanikseen\\\/#article\",\"isPartOf\":{\"@id\":\"https:\\\/\\\/brandkind.fi\\\/fi\\\/uutiset\\\/papula-nevinpat-valitsi-brandkindin-luovaksi-kumppanikseen\\\/\"},\"author\":{\"name\":\"BK-yllapito\",\"@id\":\"https:\\\/\\\/brandkind.fi\\\/#\\\/schema\\\/person\\\/d5e7e3d0a737509cfe5ddac86a8bbbca\"},\"headline\":\"Papula-Nevinpat valitsi Brandkindin luovaksi kumppanikseen\",\"datePublished\":\"2025-04-09T09:29:53+00:00\",\"mainEntityOfPage\":{\"@id\":\"https:\\\/\\\/brandkind.fi\\\/fi\\\/uutiset\\\/papula-nevinpat-valitsi-brandkindin-luovaksi-kumppanikseen\\\/\"},\"wordCount\":68,\"publisher\":{\"@id\":\"https:\\\/\\\/brandkind.fi\\\/#organization\"},\"image\":{\"@id\":\"https:\\\/\\\/brandkind.fi\\\/fi\\\/uutiset\\\/papula-nevinpat-valitsi-brandkindin-luovaksi-kumppanikseen\\\/#primaryimage\"},\"thumbnailUrl\":\"https:\\\/\\\/brandkind.fi\\\/wp-content\\\/uploads\\\/2025\\\/04\\\/BK_Papula-Nevinpat-Blog_Image_2025.png\",\"articleSection\":[\"Uutiset\"],\"inLanguage\":\"fi\"},{\"@type\":\"WebPage\",\"@id\":\"https:\\\/\\\/brandkind.fi\\\/fi\\\/uutiset\\\/papula-nevinpat-valitsi-brandkindin-luovaksi-kumppanikseen\\\/\",\"url\":\"https:\\\/\\\/brandkind.fi\\\/fi\\\/uutiset\\\/papula-nevinpat-valitsi-brandkindin-luovaksi-kumppanikseen\\\/\",\"name\":\"Papula-Nevinpat valitsi Brandkindin luovaksi kumppanikseen &#8211; Brandkind\",\"isPartOf\":{\"@id\":\"https:\\\/\\\/brandkind.fi\\\/#website\"},\"primaryImageOfPage\":{\"@id\":\"https:\\\/\\\/brandkind.fi\\\/fi\\\/uutiset\\\/papula-nevinpat-valitsi-brandkindin-luovaksi-kumppanikseen\\\/#primaryimage\"},\"image\":{\"@id\":\"https:\\\/\\\/brandkind.fi\\\/fi\\\/uutiset\\\/papula-nevinpat-valitsi-brandkindin-luovaksi-kumppanikseen\\\/#primaryimage\"},\"thumbnailUrl\":\"https:\\\/\\\/brandkind.fi\\\/wp-content\\\/uploads\\\/2025\\\/04\\\/BK_Papula-Nevinpat-Blog_Image_2025.png\",\"datePublished\":\"2025-04-09T09:29:53+00:00\",\"description\":\"IPR-toimisto Papula-Nevinpat on valinnut Brandkindin kumppanikseen br\u00e4ndinkirkastukseen ja verkkosivustouudistukseen.\",\"breadcrumb\":{\"@id\":\"https:\\\/\\\/brandkind.fi\\\/fi\\\/uutiset\\\/papula-nevinpat-valitsi-brandkindin-luovaksi-kumppanikseen\\\/#breadcrumb\"},\"inLanguage\":\"fi\",\"potentialAction\":[{\"@type\":\"ReadAction\",\"target\":[\"https:\\\/\\\/brandkind.fi\\\/fi\\\/uutiset\\\/papula-nevinpat-valitsi-brandkindin-luovaksi-kumppanikseen\\\/\"]}]},{\"@type\":\"ImageObject\",\"inLanguage\":\"fi\",\"@id\":\"https:\\\/\\\/brandkind.fi\\\/fi\\\/uutiset\\\/papula-nevinpat-valitsi-brandkindin-luovaksi-kumppanikseen\\\/#primaryimage\",\"url\":\"https:\\\/\\\/brandkind.fi\\\/wp-content\\\/uploads\\\/2025\\\/04\\\/BK_Papula-Nevinpat-Blog_Image_2025.png\",\"contentUrl\":\"https:\\\/\\\/brandkind.fi\\\/wp-content\\\/uploads\\\/2025\\\/04\\\/BK_Papula-Nevinpat-Blog_Image_2025.png\",\"width\":1920,\"height\":1080},{\"@type\":\"BreadcrumbList\",\"@id\":\"https:\\\/\\\/brandkind.fi\\\/fi\\\/uutiset\\\/papula-nevinpat-valitsi-brandkindin-luovaksi-kumppanikseen\\\/#breadcrumb\",\"itemListElement\":[{\"@type\":\"ListItem\",\"position\":1,\"name\":\"Home\",\"item\":\"https:\\\/\\\/brandkind.fi\\\/fi\\\/\"},{\"@type\":\"ListItem\",\"position\":2,\"name\":\"Papula-Nevinpat valitsi Brandkindin luovaksi kumppanikseen\"}]},{\"@type\":\"WebSite\",\"@id\":\"https:\\\/\\\/brandkind.fi\\\/#website\",\"url\":\"https:\\\/\\\/brandkind.fi\\\/\",\"name\":\"Brandkind\",\"description\":\"\",\"publisher\":{\"@id\":\"https:\\\/\\\/brandkind.fi\\\/#organization\"},\"potentialAction\":[{\"@type\":\"SearchAction\",\"target\":{\"@type\":\"EntryPoint\",\"urlTemplate\":\"https:\\\/\\\/brandkind.fi\\\/?s={search_term_string}\"},\"query-input\":{\"@type\":\"PropertyValueSpecification\",\"valueRequired\":true,\"valueName\":\"search_term_string\"}}],\"inLanguage\":\"fi\"},{\"@type\":\"Organization\",\"@id\":\"https:\\\/\\\/brandkind.fi\\\/#organization\",\"name\":\"Brandkind\",\"alternateName\":\"Brandkind\",\"url\":\"https:\\\/\\\/brandkind.fi\\\/\",\"logo\":{\"@type\":\"ImageObject\",\"inLanguage\":\"fi\",\"@id\":\"https:\\\/\\\/brandkind.fi\\\/#\\\/schema\\\/logo\\\/image\\\/\",\"url\":\"https:\\\/\\\/brandkind.fi\\\/wp-content\\\/uploads\\\/2023\\\/11\\\/Brandkind-logo-1.png\",\"contentUrl\":\"https:\\\/\\\/brandkind.fi\\\/wp-content\\\/uploads\\\/2023\\\/11\\\/Brandkind-logo-1.png\",\"width\":1680,\"height\":251,\"caption\":\"Brandkind\"},\"image\":{\"@id\":\"https:\\\/\\\/brandkind.fi\\\/#\\\/schema\\\/logo\\\/image\\\/\"},\"sameAs\":[\"https:\\\/\\\/www.facebook.com\\\/brandkind\\\/\",\"https:\\\/\\\/linkedin.com\\\/company\\\/brandkind\"]},{\"@type\":\"Person\",\"@id\":\"https:\\\/\\\/brandkind.fi\\\/#\\\/schema\\\/person\\\/d5e7e3d0a737509cfe5ddac86a8bbbca\",\"name\":\"BK-yllapito\",\"image\":{\"@type\":\"ImageObject\",\"inLanguage\":\"fi\",\"@id\":\"https:\\\/\\\/secure.gravatar.com\\\/avatar\\\/1f057a9f3f4223dda5af82432c4665f4d7f9d2e8fdebbf0810ba332213d434bf?s=96&d=mm&r=g\",\"url\":\"https:\\\/\\\/secure.gravatar.com\\\/avatar\\\/1f057a9f3f4223dda5af82432c4665f4d7f9d2e8fdebbf0810ba332213d434bf?s=96&d=mm&r=g\",\"contentUrl\":\"https:\\\/\\\/secure.gravatar.com\\\/avatar\\\/1f057a9f3f4223dda5af82432c4665f4d7f9d2e8fdebbf0810ba332213d434bf?s=96&d=mm&r=g\",\"caption\":\"BK-yllapito\"},\"sameAs\":[\"https:\\\/\\\/brandkind.fi\"]}]}<\/script>\n<!-- \/ Yoast SEO plugin. -->","yoast_head_json":{"title":"Papula-Nevinpat valitsi Brandkindin luovaksi kumppanikseen &#8211; Brandkind","description":"IPR-toimisto Papula-Nevinpat on valinnut Brandkindin kumppanikseen br\u00e4ndinkirkastukseen ja verkkosivustouudistukseen.","robots":{"index":"index","follow":"follow","max-snippet":"max-snippet:-1","max-image-preview":"max-image-preview:large","max-video-preview":"max-video-preview:-1"},"canonical":"https:\/\/brandkind.fi\/fi\/uutiset\/papula-nevinpat-valitsi-brandkindin-luovaksi-kumppanikseen\/","og_locale":"fi_FI","og_type":"article","og_title":"Papula-Nevinpat valitsi Brandkindin luovaksi kumppanikseen &#8211; Brandkind","og_description":"IPR-toimisto Papula-Nevinpat on valinnut Brandkindin kumppanikseen br\u00e4ndinkirkastukseen ja verkkosivustouudistukseen.","og_url":"https:\/\/brandkind.fi\/fi\/uutiset\/papula-nevinpat-valitsi-brandkindin-luovaksi-kumppanikseen\/","og_site_name":"Brandkind","article_publisher":"https:\/\/www.facebook.com\/brandkind\/","article_published_time":"2025-04-09T09:29:53+00:00","og_image":[{"width":1920,"height":1080,"url":"https:\/\/brandkind.fi\/wp-content\/uploads\/2025\/04\/BK_Papula-Nevinpat-Blog_Image_2025.png","type":"image\/png"}],"author":"BK-yllapito","twitter_card":"summary_large_image","twitter_misc":{"Kirjoittanut":"BK-yllapito","Arvioitu lukuaika":"1 minuutti"},"schema":{"@context":"https:\/\/schema.org","@graph":[{"@type":"Article","@id":"https:\/\/brandkind.fi\/fi\/uutiset\/papula-nevinpat-valitsi-brandkindin-luovaksi-kumppanikseen\/#article","isPartOf":{"@id":"https:\/\/brandkind.fi\/fi\/uutiset\/papula-nevinpat-valitsi-brandkindin-luovaksi-kumppanikseen\/"},"author":{"name":"BK-yllapito","@id":"https:\/\/brandkind.fi\/#\/schema\/person\/d5e7e3d0a737509cfe5ddac86a8bbbca"},"headline":"Papula-Nevinpat valitsi Brandkindin luovaksi kumppanikseen","datePublished":"2025-04-09T09:29:53+00:00","mainEntityOfPage":{"@id":"https:\/\/brandkind.fi\/fi\/uutiset\/papula-nevinpat-valitsi-brandkindin-luovaksi-kumppanikseen\/"},"wordCount":68,"publisher":{"@id":"https:\/\/brandkind.fi\/#organization"},"image":{"@id":"https:\/\/brandkind.fi\/fi\/uutiset\/papula-nevinpat-valitsi-brandkindin-luovaksi-kumppanikseen\/#primaryimage"},"thumbnailUrl":"https:\/\/brandkind.fi\/wp-content\/uploads\/2025\/04\/BK_Papula-Nevinpat-Blog_Image_2025.png","articleSection":["Uutiset"],"inLanguage":"fi"},{"@type":"WebPage","@id":"https:\/\/brandkind.fi\/fi\/uutiset\/papula-nevinpat-valitsi-brandkindin-luovaksi-kumppanikseen\/","url":"https:\/\/brandkind.fi\/fi\/uutiset\/papula-nevinpat-valitsi-brandkindin-luovaksi-kumppanikseen\/","name":"Papula-Nevinpat valitsi Brandkindin luovaksi kumppanikseen &#8211; Brandkind","isPartOf":{"@id":"https:\/\/brandkind.fi\/#website"},"primaryImageOfPage":{"@id":"https:\/\/brandkind.fi\/fi\/uutiset\/papula-nevinpat-valitsi-brandkindin-luovaksi-kumppanikseen\/#primaryimage"},"image":{"@id":"https:\/\/brandkind.fi\/fi\/uutiset\/papula-nevinpat-valitsi-brandkindin-luovaksi-kumppanikseen\/#primaryimage"},"thumbnailUrl":"https:\/\/brandkind.fi\/wp-content\/uploads\/2025\/04\/BK_Papula-Nevinpat-Blog_Image_2025.png","datePublished":"2025-04-09T09:29:53+00:00","description":"IPR-toimisto Papula-Nevinpat on valinnut Brandkindin kumppanikseen br\u00e4ndinkirkastukseen ja verkkosivustouudistukseen.","breadcrumb":{"@id":"https:\/\/brandkind.fi\/fi\/uutiset\/papula-nevinpat-valitsi-brandkindin-luovaksi-kumppanikseen\/#breadcrumb"},"inLanguage":"fi","potentialAction":[{"@type":"ReadAction","target":["https:\/\/brandkind.fi\/fi\/uutiset\/papula-nevinpat-valitsi-brandkindin-luovaksi-kumppanikseen\/"]}]},{"@type":"ImageObject","inLanguage":"fi","@id":"https:\/\/brandkind.fi\/fi\/uutiset\/papula-nevinpat-valitsi-brandkindin-luovaksi-kumppanikseen\/#primaryimage","url":"https:\/\/brandkind.fi\/wp-content\/uploads\/2025\/04\/BK_Papula-Nevinpat-Blog_Image_2025.png","contentUrl":"https:\/\/brandkind.fi\/wp-content\/uploads\/2025\/04\/BK_Papula-Nevinpat-Blog_Image_2025.png","width":1920,"height":1080},{"@type":"BreadcrumbList","@id":"https:\/\/brandkind.fi\/fi\/uutiset\/papula-nevinpat-valitsi-brandkindin-luovaksi-kumppanikseen\/#breadcrumb","itemListElement":[{"@type":"ListItem","position":1,"name":"Home","item":"https:\/\/brandkind.fi\/fi\/"},{"@type":"ListItem","position":2,"name":"Papula-Nevinpat valitsi Brandkindin luovaksi kumppanikseen"}]},{"@type":"WebSite","@id":"https:\/\/brandkind.fi\/#website","url":"https:\/\/brandkind.fi\/","name":"Brandkind","description":"","publisher":{"@id":"https:\/\/brandkind.fi\/#organization"},"potentialAction":[{"@type":"SearchAction","target":{"@type":"EntryPoint","urlTemplate":"https:\/\/brandkind.fi\/?s={search_term_string}"},"query-input":{"@type":"PropertyValueSpecification","valueRequired":true,"valueName":"search_term_string"}}],"inLanguage":"fi"},{"@type":"Organization","@id":"https:\/\/brandkind.fi\/#organization","name":"Brandkind","alternateName":"Brandkind","url":"https:\/\/brandkind.fi\/","logo":{"@type":"ImageObject","inLanguage":"fi","@id":"https:\/\/brandkind.fi\/#\/schema\/logo\/image\/","url":"https:\/\/brandkind.fi\/wp-content\/uploads\/2023\/11\/Brandkind-logo-1.png","contentUrl":"https:\/\/brandkind.fi\/wp-content\/uploads\/2023\/11\/Brandkind-logo-1.png","width":1680,"height":251,"caption":"Brandkind"},"image":{"@id":"https:\/\/brandkind.fi\/#\/schema\/logo\/image\/"},"sameAs":["https:\/\/www.facebook.com\/brandkind\/","https:\/\/linkedin.com\/company\/brandkind"]},{"@type":"Person","@id":"https:\/\/brandkind.fi\/#\/schema\/person\/d5e7e3d0a737509cfe5ddac86a8bbbca","name":"BK-yllapito","image":{"@type":"ImageObject","inLanguage":"fi","@id":"https:\/\/secure.gravatar.com\/avatar\/1f057a9f3f4223dda5af82432c4665f4d7f9d2e8fdebbf0810ba332213d434bf?s=96&d=mm&r=g","url":"https:\/\/secure.gravatar.com\/avatar\/1f057a9f3f4223dda5af82432c4665f4d7f9d2e8fdebbf0810ba332213d434bf?s=96&d=mm&r=g","contentUrl":"https:\/\/secure.gravatar.com\/avatar\/1f057a9f3f4223dda5af82432c4665f4d7f9d2e8fdebbf0810ba332213d434bf?s=96&d=mm&r=g","caption":"BK-yllapito"},"sameAs":["https:\/\/brandkind.fi"]}]}},"_links":{"self":[{"href":"https:\/\/brandkind.fi\/fi\/wp-json\/wp\/v2\/posts\/5765","targetHints":{"allow":["GET"]}}],"collection":[{"href":"https:\/\/brandkind.fi\/fi\/wp-json\/wp\/v2\/posts"}],"about":[{"href":"https:\/\/brandkind.fi\/fi\/wp-json\/wp\/v2\/types\/post"}],"author":[{"embeddable":true,"href":"https:\/\/brandkind.fi\/fi\/wp-json\/wp\/v2\/users\/1"}],"replies":[{"embeddable":true,"href":"https:\/\/brandkind.fi\/fi\/wp-json\/wp\/v2\/comments?post=5765"}],"version-history":[{"count":5,"href":"https:\/\/brandkind.fi\/fi\/wp-json\/wp\/v2\/posts\/5765\/revisions"}],"predecessor-version":[{"id":5780,"href":"https:\/\/brandkind.fi\/fi\/wp-json\/wp\/v2\/posts\/5765\/revisions\/5780"}],"wp:featuredmedia":[{"embeddable":true,"href":"https:\/\/brandkind.fi\/fi\/wp-json\/wp\/v2\/media\/5771"}],"wp:attachment":[{"href":"https:\/\/brandkind.fi\/fi\/wp-json\/wp\/v2\/media?parent=5765"}],"wp:term":[{"taxonomy":"category","embeddable":true,"href":"https:\/\/brandkind.fi\/fi\/wp-json\/wp\/v2\/categories?post=5765"},{"taxonomy":"post_tag","embeddable":true,"href":"https:\/\/brandkind.fi\/fi\/wp-json\/wp\/v2\/tags?post=5765"}],"curies":[{"name":"wp","href":"https:\/\/api.w.org\/{rel}","templated":true}]}}