{"id":5567,"date":"2024-12-02T09:01:28","date_gmt":"2024-12-02T09:01:28","guid":{"rendered":"https:\/\/brandkind.fi\/?p=5567"},"modified":"2025-01-28T09:09:00","modified_gmt":"2025-01-28T09:09:00","slug":"b2b-or-not-to-be-podcast-mari-halonen","status":"publish","type":"post","link":"https:\/\/brandkind.fi\/fi\/podcastit\/b2b-or-not-to-be-podcast-mari-halonen\/","title":{"rendered":"B2B or not to be -podcast: Mari Halonen"},"content":{"rendered":"\n<h2 class=\"wp-block-heading\">Jakson kohokohdat:&nbsp;<\/h2>\n\n\n\n<p><strong>Forcit Group on kokonaisvaltainen r\u00e4j\u00e4hdealan toimija, jonka viestint\u00e4kumppanina Brandkind vastaa muun muassa digitaalisten ratkaisujen suunnittelusta ja toteutuksesta. Miten t\u00e4rke\u00e4\u00e4 digitaalisten palvelujen kehitt\u00e4minen alalla on?<\/strong><\/p>\n\n\n\n<p>Tieto haetaan nykyp\u00e4iv\u00e4n\u00e4 verkkosivuilta k\u00e4yt\u00e4nn\u00f6ss\u00e4 kokonaan eli toimivat verkkosivut t\u00e4ytyy ehdottomasti olla kunnossa. Suurin haaste meille on pit\u00e4\u00e4 jalat maassa ja mietti\u00e4, mist\u00e4 kehityksest\u00e4 meid\u00e4n omalle kohdeyleis\u00f6llemme on oikeasti hy\u00f6ty\u00e4.&nbsp;<\/p>\n\n\n\n<p><strong>Mit\u00e4 digikehitt\u00e4minen tarkoittaa Forcitille k\u00e4yt\u00e4nn\u00f6ss\u00e4?&nbsp;<\/strong><\/p>\n\n\n\n<p>Toimimme infra-alalla louhinta- ja rakennusyritysten kanssa. Louhintaty\u00f6maalla tapahtuu todella konkreettista, rehellist\u00e4 lihasvoimaa vaativat ty\u00f6t\u00e4 24\/7. Digitaaliset palvelut muodostavat apuv\u00e4lineen. Kehityshankkeitamme ovat esimerkiksi digitaaliset softat, jotka tehostavat raportointia, ymp\u00e4rist\u00f6vaikutusten seurantaa, analytiikkaa tai suunnittelua.&nbsp;<\/p>\n\n\n\n<p>Alamme on tarkoin s\u00e4\u00e4delty\u00e4, eli tietyt dokumentit, kuten tuotetiedot, kemikaalien k\u00e4ytt\u00f6turvallisuustiedotteet ja muut tuotteiden k\u00e4ytt\u00f6\u00f6n liittyv\u00e4t tuotedokumentit pit\u00e4\u00e4 olla aina saatavilla. Se tarkoittaa, sit\u00e4 verkkosivustojen pit\u00e4\u00e4 olla pystyss\u00e4 aina ja koko ajan. &nbsp;Siksi verkkosivustojen kehitysty\u00f6 on meille \u00e4\u00e4rimm\u00e4isen t\u00e4rke\u00e4\u00e4.&nbsp;<\/p>\n\n\n\n<p><strong>Millaisia kehitt\u00e4mistarpeita yhteisty\u00f6n aikana on tunnistettu?&nbsp;<\/strong><\/p>\n\n\n\n<p>Yhteisty\u00f6mme l\u00e4hti liikkeelle, kun kaipasin osaavaa ja monipuolista, mutta my\u00f6s v\u00e4litt\u00e4v\u00e4\u00e4 kumppania. Olimme Forcitilla tilanteessa, jossa verkkosivustot vaativat paljon erityisosaamista. P\u00e4rj\u00e4simme, kunnes yritys alkoi kasvamaan, ja eri tyt\u00e4ryhti\u00f6iden sivujen p\u00e4ivitt\u00e4misest\u00e4 tuli raskasta, haastavaa ja kallista.&nbsp;<\/p>\n\n\n\n<p>Me siis kuoppasimme vanhan sivuston, ja rakensimme yksi kokonaan uuden multisiten, joka on helppo yll\u00e4pit\u00e4\u00e4 ja p\u00e4ivitt\u00e4\u00e4. Rakensimme my\u00f6s p\u00e4ivitysty\u00f6n helpottamiseksi integraatioita, jotta erityisesti t\u00e4rke\u00e4t dokumentit saatiin p\u00e4ivittym\u00e4\u00e4n automaattisesti.&nbsp;<\/p>\n\n\n\n<p>Nyt meill\u00e4 on kumppani, joka hoitaa arkiset yll\u00e4pidolliset haasteet ja ehdottaa parannuksia kokonaisuuteen.<\/p>\n\n\n\n<p><strong>Yksi kumppanuus johtaa usein toiseen. Saimme kauttasi teht\u00e4v\u00e4ksemme my\u00f6s Vuorimiesyhdistyksen br\u00e4ndi- ja verkkosivu-uudistuksen. Mist\u00e4 projektissa oli kyse?<\/strong><\/p>\n\n\n\n<p>Vuorimiesyhdistys on vanha ja perinteik\u00e4s yhdistys. Her\u00e4simme siihen, ett\u00e4 yhdistys ja sen ilme koettiin erityisesti nuorten opiskelijoiden parissa vanhanaikaiseksi. Lis\u00e4ksi meilt\u00e4 puuttui br\u00e4ndiohjeistus, ja hissipuhe yleens\u00e4 tekij\u00e4ns\u00e4 n\u00e4k\u00f6inen \u2013 samat haasteet l\u00f6ytyv\u00e4t varmasti aika monesta vapaaehtoisty\u00f6h\u00f6n perustuvasta yhdistyksest\u00e4.&nbsp;<\/p>\n\n\n\n<p>Projektiin kuului tietojenkeruu workshopit avainhenkil\u00f6iden kanssa, keskustelua j\u00e4senist\u00f6ss\u00e4 ja ehdotukset identiteetin muuttamiseksi. Lopputuloksena saimme kattavan br\u00e4ndiaineiston, verkkosivusto uusittiin kokonaan uuden ilmeen mukaiseksi, teknologisia ratkaisuja ajantasaistettiin ja sivuston p\u00e4ivitt\u00e4mist\u00e4 ja yll\u00e4pitoa helpotettiin.&nbsp;<\/p>\n\n\n\n<p>T\u00e4rkeimp\u00e4n\u00e4 t\u00e4llaisissa projekteissa tulee itse lanseeraaminen. Saimme Brandkindilta hyv\u00e4t materiaalit ja hyv\u00e4n tuen julkistustilaisuuteen, joten vastaanotto j\u00e4senist\u00f6ss\u00e4 oli todella positiivinen. Nyt Vuorimiesyhdistyksen br\u00e4ndi-ilme on raikas ja nykyaikainen, ilmett\u00e4 on helppo toteuttaa kenen tahansa toimesta ja verkkosivusto toimii todella hyvin. Suosittelen l\u00e4mpim\u00e4sti vastaavaa projektia, jos sellaiseen on yhdistystoiminnassa tarvetta.<\/p>\n\n\n\n<h2 class=\"wp-block-heading\">Kuuntele podcast t\u00e4\u00e4lt\u00e4:<\/h2>\n\n\n\n<p>Voit kuunnella podcastin <a href=\"https:\/\/shows.acast.com\/b2b-or-not-to-be\/episodes\/jakso-7-digi-ja-verkkokehittaminen\">Acastin<\/a>,<a href=\"https:\/\/open.spotify.com\/episode\/5AgrD6yl24BsQGNla4mPXl?si=ycaqr0snTxSlv1OebHg8vg\"> Spotifyn<\/a>, <a href=\"https:\/\/podcasts.apple.com\/fi\/podcast\/jakso-7-digi-ja-verkkokehitt%C3%A4minen\/id1713491375?i=1000678866803\">Apple podcastin<\/a> tai <a href=\"https:\/\/podimo.com\/fi\/shows\/b2b-or-not-to-be\">Podimon<\/a> kautta<\/p>\n\n\n\n<figure class=\"wp-block-embed is-type-rich is-provider-spotify wp-block-embed-spotify wp-embed-aspect-21-9 wp-has-aspect-ratio\"><div class=\"wp-block-embed__wrapper\">\n<iframe title=\"Spotify Embed: Jakso 7: Digi- ja verkkokehitt\u00e4minen\" style=\"border-radius: 12px\" width=\"100%\" height=\"152\" frameborder=\"0\" allowfullscreen allow=\"autoplay; clipboard-write; encrypted-media; fullscreen; picture-in-picture\" loading=\"lazy\" src=\"https:\/\/open.spotify.com\/embed\/episode\/5AgrD6yl24BsQGNla4mPXl?si=ycaqr0snTxSlv1OebHg8vg&#038;utm_source=oembed\"><\/iframe>\n<\/div><\/figure>\n","protected":false},"excerpt":{"rendered":"<p>Jakson kohokohdat:&nbsp; Forcit Group on kokonaisvaltainen r\u00e4j\u00e4hdealan toimija, jonka viestint\u00e4kumppanina Brandkind vastaa muun muassa digitaalisten ratkaisujen suunnittelusta ja toteutuksesta. Miten t\u00e4rke\u00e4\u00e4 digitaalisten palvelujen kehitt\u00e4minen alalla on? Tieto haetaan nykyp\u00e4iv\u00e4n\u00e4 verkkosivuilta k\u00e4yt\u00e4nn\u00f6ss\u00e4 kokonaan eli toimivat verkkosivut t\u00e4ytyy ehdottomasti olla kunnossa. Suurin haaste meille on pit\u00e4\u00e4 jalat maassa ja mietti\u00e4, mist\u00e4 kehityksest\u00e4 meid\u00e4n omalle kohdeyleis\u00f6llemme on oikeasti [&#8230;]<\/p>\n<p><a class=\"btn btn-secondary understrap-read-more-link\" href=\"https:\/\/brandkind.fi\/fi\/podcastit\/b2b-or-not-to-be-podcast-mari-halonen\/\">Lue lis\u00e4\u00e4&#8230;<span class=\"screen-reader-text\"> from B2B or not to be -podcast: Mari Halonen<\/span><\/a><\/p>\n","protected":false},"author":1,"featured_media":5568,"comment_status":"closed","ping_status":"open","sticky":false,"template":"","format":"standard","meta":{"_improvement_type_select":"improve_an_existing","_thumb_yes_seoaic":false,"_frame_yes_seoaic":false,"seoaic_generate_description":"","seoaic_improve_instructions_prompt":"","seoaic_rollback_content_improvement":"","seoaic_idea_thumbnail_generator":"","thumbnail_generated":false,"thumbnail_generate_prompt":"","seoaic_article_description":"","_monsterinsights_skip_tracking":false,"_monsterinsights_sitenote_active":false,"_monsterinsights_sitenote_note":"","_monsterinsights_sitenote_category":0,"seoaic_article_subtitles":[],"footnotes":""},"categories":[46],"tags":[],"class_list":["post-5567","post","type-post","status-publish","format-standard","has-post-thumbnail","hentry","category-podcastit"],"acf":[],"yoast_head":"<!-- This site is optimized with the Yoast SEO plugin v27.5 - https:\/\/yoast.com\/product\/yoast-seo-wordpress\/ -->\n<title>B2B or not to be -podcast: Mari Halonen &#8211; Brandkind<\/title>\n<meta name=\"description\" content=\"Vieraamme Forcitin viestint\u00e4 ja br\u00e4ndijohtaja Mari Halonen keskustelee aiheista podcastissamme.\" \/>\n<meta name=\"robots\" content=\"index, follow, max-snippet:-1, max-image-preview:large, max-video-preview:-1\" \/>\n<link rel=\"canonical\" href=\"https:\/\/brandkind.fi\/fi\/podcastit\/b2b-or-not-to-be-podcast-mari-halonen\/\" \/>\n<meta property=\"og:locale\" content=\"fi_FI\" \/>\n<meta property=\"og:type\" content=\"article\" \/>\n<meta property=\"og:title\" content=\"B2B or not to be -podcast: Mari Halonen &#8211; Brandkind\" \/>\n<meta property=\"og:description\" content=\"Vieraamme Forcitin viestint\u00e4 ja br\u00e4ndijohtaja Mari Halonen keskustelee aiheista podcastissamme.\" \/>\n<meta property=\"og:url\" content=\"https:\/\/brandkind.fi\/fi\/podcastit\/b2b-or-not-to-be-podcast-mari-halonen\/\" \/>\n<meta property=\"og:site_name\" content=\"Brandkind\" \/>\n<meta property=\"article:publisher\" content=\"https:\/\/www.facebook.com\/brandkind\/\" \/>\n<meta property=\"article:published_time\" content=\"2024-12-02T09:01:28+00:00\" \/>\n<meta property=\"article:modified_time\" content=\"2025-01-28T09:09:00+00:00\" \/>\n<meta property=\"og:image\" content=\"https:\/\/brandkind.fi\/wp-content\/uploads\/2024\/12\/Brandkind_Podcast_Mari-1.jpg\" \/>\n\t<meta property=\"og:image:width\" content=\"1920\" \/>\n\t<meta property=\"og:image:height\" content=\"1080\" \/>\n\t<meta property=\"og:image:type\" content=\"image\/jpeg\" \/>\n<meta name=\"author\" content=\"BK-yllapito\" \/>\n<meta name=\"twitter:card\" content=\"summary_large_image\" \/>\n<meta name=\"twitter:label1\" content=\"Kirjoittanut\" \/>\n\t<meta name=\"twitter:data1\" content=\"BK-yllapito\" \/>\n\t<meta name=\"twitter:label2\" content=\"Arvioitu lukuaika\" \/>\n\t<meta name=\"twitter:data2\" content=\"2 minuuttia\" \/>\n<script type=\"application\/ld+json\" class=\"yoast-schema-graph\">{\"@context\":\"https:\\\/\\\/schema.org\",\"@graph\":[{\"@type\":\"Article\",\"@id\":\"https:\\\/\\\/brandkind.fi\\\/fi\\\/podcastit\\\/b2b-or-not-to-be-podcast-mari-halonen\\\/#article\",\"isPartOf\":{\"@id\":\"https:\\\/\\\/brandkind.fi\\\/fi\\\/podcastit\\\/b2b-or-not-to-be-podcast-mari-halonen\\\/\"},\"author\":{\"name\":\"BK-yllapito\",\"@id\":\"https:\\\/\\\/brandkind.fi\\\/#\\\/schema\\\/person\\\/d5e7e3d0a737509cfe5ddac86a8bbbca\"},\"headline\":\"B2B or not to be -podcast: Mari Halonen\",\"datePublished\":\"2024-12-02T09:01:28+00:00\",\"dateModified\":\"2025-01-28T09:09:00+00:00\",\"mainEntityOfPage\":{\"@id\":\"https:\\\/\\\/brandkind.fi\\\/fi\\\/podcastit\\\/b2b-or-not-to-be-podcast-mari-halonen\\\/\"},\"wordCount\":481,\"publisher\":{\"@id\":\"https:\\\/\\\/brandkind.fi\\\/#organization\"},\"image\":{\"@id\":\"https:\\\/\\\/brandkind.fi\\\/fi\\\/podcastit\\\/b2b-or-not-to-be-podcast-mari-halonen\\\/#primaryimage\"},\"thumbnailUrl\":\"https:\\\/\\\/brandkind.fi\\\/wp-content\\\/uploads\\\/2024\\\/12\\\/Brandkind_Podcast_Mari-1.jpg\",\"articleSection\":[\"Podcastit\"],\"inLanguage\":\"fi\"},{\"@type\":\"WebPage\",\"@id\":\"https:\\\/\\\/brandkind.fi\\\/fi\\\/podcastit\\\/b2b-or-not-to-be-podcast-mari-halonen\\\/\",\"url\":\"https:\\\/\\\/brandkind.fi\\\/fi\\\/podcastit\\\/b2b-or-not-to-be-podcast-mari-halonen\\\/\",\"name\":\"B2B or not to be -podcast: Mari Halonen &#8211; Brandkind\",\"isPartOf\":{\"@id\":\"https:\\\/\\\/brandkind.fi\\\/#website\"},\"primaryImageOfPage\":{\"@id\":\"https:\\\/\\\/brandkind.fi\\\/fi\\\/podcastit\\\/b2b-or-not-to-be-podcast-mari-halonen\\\/#primaryimage\"},\"image\":{\"@id\":\"https:\\\/\\\/brandkind.fi\\\/fi\\\/podcastit\\\/b2b-or-not-to-be-podcast-mari-halonen\\\/#primaryimage\"},\"thumbnailUrl\":\"https:\\\/\\\/brandkind.fi\\\/wp-content\\\/uploads\\\/2024\\\/12\\\/Brandkind_Podcast_Mari-1.jpg\",\"datePublished\":\"2024-12-02T09:01:28+00:00\",\"dateModified\":\"2025-01-28T09:09:00+00:00\",\"description\":\"Vieraamme Forcitin viestint\u00e4 ja br\u00e4ndijohtaja Mari Halonen keskustelee aiheista podcastissamme.\",\"breadcrumb\":{\"@id\":\"https:\\\/\\\/brandkind.fi\\\/fi\\\/podcastit\\\/b2b-or-not-to-be-podcast-mari-halonen\\\/#breadcrumb\"},\"inLanguage\":\"fi\",\"potentialAction\":[{\"@type\":\"ReadAction\",\"target\":[\"https:\\\/\\\/brandkind.fi\\\/fi\\\/podcastit\\\/b2b-or-not-to-be-podcast-mari-halonen\\\/\"]}]},{\"@type\":\"ImageObject\",\"inLanguage\":\"fi\",\"@id\":\"https:\\\/\\\/brandkind.fi\\\/fi\\\/podcastit\\\/b2b-or-not-to-be-podcast-mari-halonen\\\/#primaryimage\",\"url\":\"https:\\\/\\\/brandkind.fi\\\/wp-content\\\/uploads\\\/2024\\\/12\\\/Brandkind_Podcast_Mari-1.jpg\",\"contentUrl\":\"https:\\\/\\\/brandkind.fi\\\/wp-content\\\/uploads\\\/2024\\\/12\\\/Brandkind_Podcast_Mari-1.jpg\",\"width\":1920,\"height\":1080},{\"@type\":\"BreadcrumbList\",\"@id\":\"https:\\\/\\\/brandkind.fi\\\/fi\\\/podcastit\\\/b2b-or-not-to-be-podcast-mari-halonen\\\/#breadcrumb\",\"itemListElement\":[{\"@type\":\"ListItem\",\"position\":1,\"name\":\"Home\",\"item\":\"https:\\\/\\\/brandkind.fi\\\/fi\\\/\"},{\"@type\":\"ListItem\",\"position\":2,\"name\":\"B2B or not to be -podcast: Mari Halonen\"}]},{\"@type\":\"WebSite\",\"@id\":\"https:\\\/\\\/brandkind.fi\\\/#website\",\"url\":\"https:\\\/\\\/brandkind.fi\\\/\",\"name\":\"Brandkind\",\"description\":\"\",\"publisher\":{\"@id\":\"https:\\\/\\\/brandkind.fi\\\/#organization\"},\"potentialAction\":[{\"@type\":\"SearchAction\",\"target\":{\"@type\":\"EntryPoint\",\"urlTemplate\":\"https:\\\/\\\/brandkind.fi\\\/?s={search_term_string}\"},\"query-input\":{\"@type\":\"PropertyValueSpecification\",\"valueRequired\":true,\"valueName\":\"search_term_string\"}}],\"inLanguage\":\"fi\"},{\"@type\":\"Organization\",\"@id\":\"https:\\\/\\\/brandkind.fi\\\/#organization\",\"name\":\"Brandkind\",\"alternateName\":\"Brandkind\",\"url\":\"https:\\\/\\\/brandkind.fi\\\/\",\"logo\":{\"@type\":\"ImageObject\",\"inLanguage\":\"fi\",\"@id\":\"https:\\\/\\\/brandkind.fi\\\/#\\\/schema\\\/logo\\\/image\\\/\",\"url\":\"https:\\\/\\\/brandkind.fi\\\/wp-content\\\/uploads\\\/2023\\\/11\\\/Brandkind-logo-1.png\",\"contentUrl\":\"https:\\\/\\\/brandkind.fi\\\/wp-content\\\/uploads\\\/2023\\\/11\\\/Brandkind-logo-1.png\",\"width\":1680,\"height\":251,\"caption\":\"Brandkind\"},\"image\":{\"@id\":\"https:\\\/\\\/brandkind.fi\\\/#\\\/schema\\\/logo\\\/image\\\/\"},\"sameAs\":[\"https:\\\/\\\/www.facebook.com\\\/brandkind\\\/\",\"https:\\\/\\\/linkedin.com\\\/company\\\/brandkind\"]},{\"@type\":\"Person\",\"@id\":\"https:\\\/\\\/brandkind.fi\\\/#\\\/schema\\\/person\\\/d5e7e3d0a737509cfe5ddac86a8bbbca\",\"name\":\"BK-yllapito\",\"image\":{\"@type\":\"ImageObject\",\"inLanguage\":\"fi\",\"@id\":\"https:\\\/\\\/secure.gravatar.com\\\/avatar\\\/1f057a9f3f4223dda5af82432c4665f4d7f9d2e8fdebbf0810ba332213d434bf?s=96&d=mm&r=g\",\"url\":\"https:\\\/\\\/secure.gravatar.com\\\/avatar\\\/1f057a9f3f4223dda5af82432c4665f4d7f9d2e8fdebbf0810ba332213d434bf?s=96&d=mm&r=g\",\"contentUrl\":\"https:\\\/\\\/secure.gravatar.com\\\/avatar\\\/1f057a9f3f4223dda5af82432c4665f4d7f9d2e8fdebbf0810ba332213d434bf?s=96&d=mm&r=g\",\"caption\":\"BK-yllapito\"},\"sameAs\":[\"https:\\\/\\\/brandkind.fi\"]}]}<\/script>\n<!-- \/ Yoast SEO plugin. -->","yoast_head_json":{"title":"B2B or not to be -podcast: Mari Halonen &#8211; Brandkind","description":"Vieraamme Forcitin viestint\u00e4 ja br\u00e4ndijohtaja Mari Halonen keskustelee aiheista podcastissamme.","robots":{"index":"index","follow":"follow","max-snippet":"max-snippet:-1","max-image-preview":"max-image-preview:large","max-video-preview":"max-video-preview:-1"},"canonical":"https:\/\/brandkind.fi\/fi\/podcastit\/b2b-or-not-to-be-podcast-mari-halonen\/","og_locale":"fi_FI","og_type":"article","og_title":"B2B or not to be -podcast: Mari Halonen &#8211; Brandkind","og_description":"Vieraamme Forcitin viestint\u00e4 ja br\u00e4ndijohtaja Mari Halonen keskustelee aiheista podcastissamme.","og_url":"https:\/\/brandkind.fi\/fi\/podcastit\/b2b-or-not-to-be-podcast-mari-halonen\/","og_site_name":"Brandkind","article_publisher":"https:\/\/www.facebook.com\/brandkind\/","article_published_time":"2024-12-02T09:01:28+00:00","article_modified_time":"2025-01-28T09:09:00+00:00","og_image":[{"width":1920,"height":1080,"url":"https:\/\/brandkind.fi\/wp-content\/uploads\/2024\/12\/Brandkind_Podcast_Mari-1.jpg","type":"image\/jpeg"}],"author":"BK-yllapito","twitter_card":"summary_large_image","twitter_misc":{"Kirjoittanut":"BK-yllapito","Arvioitu lukuaika":"2 minuuttia"},"schema":{"@context":"https:\/\/schema.org","@graph":[{"@type":"Article","@id":"https:\/\/brandkind.fi\/fi\/podcastit\/b2b-or-not-to-be-podcast-mari-halonen\/#article","isPartOf":{"@id":"https:\/\/brandkind.fi\/fi\/podcastit\/b2b-or-not-to-be-podcast-mari-halonen\/"},"author":{"name":"BK-yllapito","@id":"https:\/\/brandkind.fi\/#\/schema\/person\/d5e7e3d0a737509cfe5ddac86a8bbbca"},"headline":"B2B or not to be -podcast: Mari Halonen","datePublished":"2024-12-02T09:01:28+00:00","dateModified":"2025-01-28T09:09:00+00:00","mainEntityOfPage":{"@id":"https:\/\/brandkind.fi\/fi\/podcastit\/b2b-or-not-to-be-podcast-mari-halonen\/"},"wordCount":481,"publisher":{"@id":"https:\/\/brandkind.fi\/#organization"},"image":{"@id":"https:\/\/brandkind.fi\/fi\/podcastit\/b2b-or-not-to-be-podcast-mari-halonen\/#primaryimage"},"thumbnailUrl":"https:\/\/brandkind.fi\/wp-content\/uploads\/2024\/12\/Brandkind_Podcast_Mari-1.jpg","articleSection":["Podcastit"],"inLanguage":"fi"},{"@type":"WebPage","@id":"https:\/\/brandkind.fi\/fi\/podcastit\/b2b-or-not-to-be-podcast-mari-halonen\/","url":"https:\/\/brandkind.fi\/fi\/podcastit\/b2b-or-not-to-be-podcast-mari-halonen\/","name":"B2B or not to be -podcast: Mari Halonen &#8211; Brandkind","isPartOf":{"@id":"https:\/\/brandkind.fi\/#website"},"primaryImageOfPage":{"@id":"https:\/\/brandkind.fi\/fi\/podcastit\/b2b-or-not-to-be-podcast-mari-halonen\/#primaryimage"},"image":{"@id":"https:\/\/brandkind.fi\/fi\/podcastit\/b2b-or-not-to-be-podcast-mari-halonen\/#primaryimage"},"thumbnailUrl":"https:\/\/brandkind.fi\/wp-content\/uploads\/2024\/12\/Brandkind_Podcast_Mari-1.jpg","datePublished":"2024-12-02T09:01:28+00:00","dateModified":"2025-01-28T09:09:00+00:00","description":"Vieraamme Forcitin viestint\u00e4 ja br\u00e4ndijohtaja Mari Halonen keskustelee aiheista podcastissamme.","breadcrumb":{"@id":"https:\/\/brandkind.fi\/fi\/podcastit\/b2b-or-not-to-be-podcast-mari-halonen\/#breadcrumb"},"inLanguage":"fi","potentialAction":[{"@type":"ReadAction","target":["https:\/\/brandkind.fi\/fi\/podcastit\/b2b-or-not-to-be-podcast-mari-halonen\/"]}]},{"@type":"ImageObject","inLanguage":"fi","@id":"https:\/\/brandkind.fi\/fi\/podcastit\/b2b-or-not-to-be-podcast-mari-halonen\/#primaryimage","url":"https:\/\/brandkind.fi\/wp-content\/uploads\/2024\/12\/Brandkind_Podcast_Mari-1.jpg","contentUrl":"https:\/\/brandkind.fi\/wp-content\/uploads\/2024\/12\/Brandkind_Podcast_Mari-1.jpg","width":1920,"height":1080},{"@type":"BreadcrumbList","@id":"https:\/\/brandkind.fi\/fi\/podcastit\/b2b-or-not-to-be-podcast-mari-halonen\/#breadcrumb","itemListElement":[{"@type":"ListItem","position":1,"name":"Home","item":"https:\/\/brandkind.fi\/fi\/"},{"@type":"ListItem","position":2,"name":"B2B or not to be -podcast: Mari Halonen"}]},{"@type":"WebSite","@id":"https:\/\/brandkind.fi\/#website","url":"https:\/\/brandkind.fi\/","name":"Brandkind","description":"","publisher":{"@id":"https:\/\/brandkind.fi\/#organization"},"potentialAction":[{"@type":"SearchAction","target":{"@type":"EntryPoint","urlTemplate":"https:\/\/brandkind.fi\/?s={search_term_string}"},"query-input":{"@type":"PropertyValueSpecification","valueRequired":true,"valueName":"search_term_string"}}],"inLanguage":"fi"},{"@type":"Organization","@id":"https:\/\/brandkind.fi\/#organization","name":"Brandkind","alternateName":"Brandkind","url":"https:\/\/brandkind.fi\/","logo":{"@type":"ImageObject","inLanguage":"fi","@id":"https:\/\/brandkind.fi\/#\/schema\/logo\/image\/","url":"https:\/\/brandkind.fi\/wp-content\/uploads\/2023\/11\/Brandkind-logo-1.png","contentUrl":"https:\/\/brandkind.fi\/wp-content\/uploads\/2023\/11\/Brandkind-logo-1.png","width":1680,"height":251,"caption":"Brandkind"},"image":{"@id":"https:\/\/brandkind.fi\/#\/schema\/logo\/image\/"},"sameAs":["https:\/\/www.facebook.com\/brandkind\/","https:\/\/linkedin.com\/company\/brandkind"]},{"@type":"Person","@id":"https:\/\/brandkind.fi\/#\/schema\/person\/d5e7e3d0a737509cfe5ddac86a8bbbca","name":"BK-yllapito","image":{"@type":"ImageObject","inLanguage":"fi","@id":"https:\/\/secure.gravatar.com\/avatar\/1f057a9f3f4223dda5af82432c4665f4d7f9d2e8fdebbf0810ba332213d434bf?s=96&d=mm&r=g","url":"https:\/\/secure.gravatar.com\/avatar\/1f057a9f3f4223dda5af82432c4665f4d7f9d2e8fdebbf0810ba332213d434bf?s=96&d=mm&r=g","contentUrl":"https:\/\/secure.gravatar.com\/avatar\/1f057a9f3f4223dda5af82432c4665f4d7f9d2e8fdebbf0810ba332213d434bf?s=96&d=mm&r=g","caption":"BK-yllapito"},"sameAs":["https:\/\/brandkind.fi"]}]}},"_links":{"self":[{"href":"https:\/\/brandkind.fi\/fi\/wp-json\/wp\/v2\/posts\/5567","targetHints":{"allow":["GET"]}}],"collection":[{"href":"https:\/\/brandkind.fi\/fi\/wp-json\/wp\/v2\/posts"}],"about":[{"href":"https:\/\/brandkind.fi\/fi\/wp-json\/wp\/v2\/types\/post"}],"author":[{"embeddable":true,"href":"https:\/\/brandkind.fi\/fi\/wp-json\/wp\/v2\/users\/1"}],"replies":[{"embeddable":true,"href":"https:\/\/brandkind.fi\/fi\/wp-json\/wp\/v2\/comments?post=5567"}],"version-history":[{"count":8,"href":"https:\/\/brandkind.fi\/fi\/wp-json\/wp\/v2\/posts\/5567\/revisions"}],"predecessor-version":[{"id":5585,"href":"https:\/\/brandkind.fi\/fi\/wp-json\/wp\/v2\/posts\/5567\/revisions\/5585"}],"wp:featuredmedia":[{"embeddable":true,"href":"https:\/\/brandkind.fi\/fi\/wp-json\/wp\/v2\/media\/5568"}],"wp:attachment":[{"href":"https:\/\/brandkind.fi\/fi\/wp-json\/wp\/v2\/media?parent=5567"}],"wp:term":[{"taxonomy":"category","embeddable":true,"href":"https:\/\/brandkind.fi\/fi\/wp-json\/wp\/v2\/categories?post=5567"},{"taxonomy":"post_tag","embeddable":true,"href":"https:\/\/brandkind.fi\/fi\/wp-json\/wp\/v2\/tags?post=5567"}],"curies":[{"name":"wp","href":"https:\/\/api.w.org\/{rel}","templated":true}]}}