{"id":5429,"date":"2021-06-15T11:04:04","date_gmt":"2021-06-15T11:04:04","guid":{"rendered":"https:\/\/brandkind.fi\/uncategorized-fi\/kannamme-kortemme-kekoon-ympariston-puolesta\/"},"modified":"2024-10-11T13:08:31","modified_gmt":"2024-10-11T13:08:31","slug":"kannamme-kortemme-kekoon-ympariston-puolesta","status":"publish","type":"post","link":"https:\/\/brandkind.fi\/fi\/blogit\/kannamme-kortemme-kekoon-ympariston-puolesta\/","title":{"rendered":"Kannamme kortemme kekoon ymp\u00e4rist\u00f6n puolesta"},"content":{"rendered":"\n<p>&#8221;Monet asiakkaistamme vaativat, ett\u00e4 heid\u00e4n kumppaninsa ty\u00f6skentelev\u00e4t vastuullisesti. Haluamme tehd\u00e4 oman osuutemme kest\u00e4v\u00e4n tulevaisuuden puolesta&#8221;, sanoo ymp\u00e4rist\u00f6ohjelmaa koordinoiva osakas ja AD <strong>Maiju Lepp\u00e4nen<\/strong>. &#8221;Minulle on eritt\u00e4in t\u00e4rke\u00e4\u00e4 ty\u00f6skennell\u00e4 yrityksess\u00e4, joka pohtii vakavasti ymp\u00e4rist\u00f6kysymyksi\u00e4. Voimme vaikuttaa omilla henkil\u00f6kohtaisilla valinnoillamme, mutta on my\u00f6s t\u00e4rke\u00e4\u00e4 motivoida muita.&#8221;<\/p>\n\n\n\n<p>Ohjelman perimm\u00e4isen\u00e4 tavoitteena on, ett\u00e4 yrityksemme on hiilineutraali vuoteen 2035 menness\u00e4. Kuten tied\u00e4mme, tottumusten muuttaminen ei ole helppoa, vaan se vaatii kaukokatseisuutta ja omistautumista. Siksi olemme p\u00e4\u00e4tt\u00e4neet aloittaa muutoksen jo nyt.<\/p>\n\n\n\n<h2 class=\"wp-block-heading\">Ensiaskeleet<\/h2>\n\n\n\n<p>Toimenpidesuunnitelma etenee viidess\u00e4 vaiheessa. Ensiksi selvit\u00e4mme l\u00e4ht\u00f6tason, sitten tunnistamme v\u00e4hennyspotentiaalin, m\u00e4\u00e4rittelemme ja priorisoimme tarvittavat toimenpiteet, otamme toimet k\u00e4ytt\u00f6\u00f6n ja kartoitamme mahdolliset kompensaatiotoimenpiteet. Vaiheet perustuvat Keskuskauppakamarin vuonna 2019 j\u00e4rjest\u00e4m\u00e4\u00e4n koulutukseen.<\/p>\n\n\n\n<p>L\u00e4ht\u00f6tason selvitys valmistui kev\u00e4\u00e4ll\u00e4 2021. Kartoituksen ajoitus oli varmaankin ep\u00e4tyypillinen koronaviruspandemian vuoksi. &#8221;Koska aloitimme selvitysty\u00f6mme pandemian aikana, luvut tarkentuvat seuraavina vuosina&#8221;, Lepp\u00e4nen kertoo. &#8221;Mutta oli t\u00e4rke\u00e4\u00e4 saada kokonaiskuva p\u00e4\u00e4st\u00f6ist\u00e4mme ja mist\u00e4 ne tulevat. Saamme ohjelmasta ty\u00f6kaluja, joilla voimme selvitt\u00e4\u00e4, miten aloittaa p\u00e4\u00e4st\u00f6jen leikkaaminen ja mihin keskitty\u00e4 ohjelman seuraavissa vaiheissa.&#8221;<\/p>\n\n\n\n<h2 class=\"wp-block-heading\">My\u00f6nteisi\u00e4 tuloksia<\/h2>\n\n\n\n<p>Kartoitus osoitti, ett\u00e4 Brandkindin hiilijalanj\u00e4lki vuonna 2020 vastasi 6,35 tonnia hiilidioksidia. &#8221;Ensimm\u00e4isen laskelman mukaan meill\u00e4 on hyvin pieni CO<sub>2<\/sub>-jalanj\u00e4lki&#8221;, Lepp\u00e4nen toteaa. &#8221;Normaalina vuonna se on todenn\u00e4k\u00f6isesti hieman suurempi, mutta nyt tied\u00e4mme, ett\u00e4 p\u00e4\u00e4st\u00f6mme tulevat p\u00e4\u00e4asiassa ostetusta energiasta ja ty\u00f6matkoista.&#8221;<\/p>\n\n\n\n<p>Vuoden 2021 Q3 loppuun menness\u00e4 olemme saaneet valmiiksi toimintasuunnitelman kaksi seuraavaa vaihetta \u2013 v\u00e4hennyspotentiaalin tunnistamisen sek\u00e4 p\u00e4\u00e4st\u00f6v\u00e4hennystoimenpiteiden m\u00e4\u00e4ritt\u00e4misen, priorisoinnin ja aikatauluttamisen. Kaksi viimeist\u00e4 vaihetta p\u00e4\u00e4ttyv\u00e4t vuoden 2022 alussa. Brandkindin ymp\u00e4rist\u00f6ohjelma on vain osa ponnistelua pahemman ekologisen katastrofin est\u00e4miseksi, mutta t\u00e4ss\u00e4 tilanteessa jokainen pieni teko auttaa.<\/p>\n\n\n\n<p><a href=\"https:\/\/brandkind.fi\/wp-content\/uploads\/2024\/10\/Brandkind_Ymparistoraportti_PUBLIC.pdf\">Lataa Brandkind-ymp\u00e4rist\u00f6ohjelman PDF-tiedosto (0.2Mb)<\/a><\/p>\n","protected":false},"excerpt":{"rendered":"<p>&#8221;Monet asiakkaistamme vaativat, ett\u00e4 heid\u00e4n kumppaninsa ty\u00f6skentelev\u00e4t vastuullisesti. Haluamme tehd\u00e4 oman osuutemme kest\u00e4v\u00e4n tulevaisuuden puolesta&#8221;, sanoo ymp\u00e4rist\u00f6ohjelmaa koordinoiva osakas ja AD Maiju Lepp\u00e4nen. &#8221;Minulle on eritt\u00e4in t\u00e4rke\u00e4\u00e4 ty\u00f6skennell\u00e4 yrityksess\u00e4, joka pohtii vakavasti ymp\u00e4rist\u00f6kysymyksi\u00e4. Voimme vaikuttaa omilla henkil\u00f6kohtaisilla valinnoillamme, mutta on my\u00f6s t\u00e4rke\u00e4\u00e4 motivoida muita.&#8221; Ohjelman perimm\u00e4isen\u00e4 tavoitteena on, ett\u00e4 yrityksemme on hiilineutraali vuoteen 2035 menness\u00e4. [&#8230;]<\/p>\n<p><a class=\"btn btn-secondary understrap-read-more-link\" href=\"https:\/\/brandkind.fi\/fi\/blogit\/kannamme-kortemme-kekoon-ympariston-puolesta\/\">Lue lis\u00e4\u00e4&#8230;<span class=\"screen-reader-text\"> from Kannamme kortemme kekoon ymp\u00e4rist\u00f6n puolesta<\/span><\/a><\/p>\n","protected":false},"author":1,"featured_media":4805,"comment_status":"closed","ping_status":"closed","sticky":false,"template":"","format":"standard","meta":{"_improvement_type_select":"improve_an_existing","_thumb_yes_seoaic":false,"_frame_yes_seoaic":false,"seoaic_generate_description":"","seoaic_improve_instructions_prompt":"","seoaic_rollback_content_improvement":"","seoaic_idea_thumbnail_generator":"","thumbnail_generated":false,"thumbnail_generate_prompt":"","seoaic_article_description":"","_monsterinsights_skip_tracking":false,"_monsterinsights_sitenote_active":false,"_monsterinsights_sitenote_note":"","_monsterinsights_sitenote_category":0,"seoaic_article_subtitles":[],"footnotes":""},"categories":[44],"tags":[],"class_list":["post-5429","post","type-post","status-publish","format-standard","has-post-thumbnail","hentry","category-blogit"],"acf":[],"yoast_head":"<!-- This site is optimized with the Yoast SEO plugin v27.5 - https:\/\/yoast.com\/product\/yoast-seo-wordpress\/ -->\n<title>Kannamme kortemme kekoon ymp\u00e4rist\u00f6n puolesta &#8211; Brandkind<\/title>\n<meta name=\"description\" content=\"Ymp\u00e4rist\u00f6n tila vaikuttaa meihin kaikkiin, ja Brandkindissa olemme p\u00e4\u00e4tt\u00e4neet tehd\u00e4 oman osamme hiilidioksidip\u00e4\u00e4st\u00f6jen v\u00e4hent\u00e4miseksi. Siksi olemme laatineet Brandkindin ymp\u00e4rist\u00f6ohjelman.\" \/>\n<meta name=\"robots\" content=\"index, follow, max-snippet:-1, max-image-preview:large, max-video-preview:-1\" \/>\n<link rel=\"canonical\" href=\"https:\/\/brandkind.fi\/fi\/blogit\/kannamme-kortemme-kekoon-ympariston-puolesta\/\" \/>\n<meta property=\"og:locale\" content=\"fi_FI\" \/>\n<meta property=\"og:type\" content=\"article\" \/>\n<meta property=\"og:title\" content=\"Kannamme kortemme kekoon ymp\u00e4rist\u00f6n puolesta &#8211; Brandkind\" \/>\n<meta property=\"og:description\" content=\"Ymp\u00e4rist\u00f6n tila vaikuttaa meihin kaikkiin, ja Brandkindissa olemme p\u00e4\u00e4tt\u00e4neet tehd\u00e4 oman osamme hiilidioksidip\u00e4\u00e4st\u00f6jen v\u00e4hent\u00e4miseksi. Siksi olemme laatineet Brandkindin ymp\u00e4rist\u00f6ohjelman.\" \/>\n<meta property=\"og:url\" content=\"https:\/\/brandkind.fi\/fi\/blogit\/kannamme-kortemme-kekoon-ympariston-puolesta\/\" \/>\n<meta property=\"og:site_name\" content=\"Brandkind\" \/>\n<meta property=\"article:publisher\" content=\"https:\/\/www.facebook.com\/brandkind\/\" \/>\n<meta property=\"article:published_time\" content=\"2021-06-15T11:04:04+00:00\" \/>\n<meta property=\"article:modified_time\" content=\"2024-10-11T13:08:31+00:00\" \/>\n<meta property=\"og:image\" content=\"https:\/\/brandkind.fi\/wp-content\/uploads\/2024\/05\/BK_Blog_Images_BK_Blog_Images-22.jpg\" \/>\n\t<meta property=\"og:image:width\" content=\"1920\" \/>\n\t<meta property=\"og:image:height\" content=\"1080\" \/>\n\t<meta property=\"og:image:type\" content=\"image\/jpeg\" \/>\n<meta name=\"author\" content=\"BK-yllapito\" \/>\n<meta name=\"twitter:card\" content=\"summary_large_image\" \/>\n<meta name=\"twitter:label1\" content=\"Kirjoittanut\" \/>\n\t<meta name=\"twitter:data1\" content=\"BK-yllapito\" \/>\n\t<meta name=\"twitter:label2\" content=\"Arvioitu lukuaika\" \/>\n\t<meta name=\"twitter:data2\" content=\"2 minuuttia\" \/>\n<script type=\"application\/ld+json\" class=\"yoast-schema-graph\">{\"@context\":\"https:\\\/\\\/schema.org\",\"@graph\":[{\"@type\":\"Article\",\"@id\":\"https:\\\/\\\/brandkind.fi\\\/fi\\\/blogit\\\/kannamme-kortemme-kekoon-ympariston-puolesta\\\/#article\",\"isPartOf\":{\"@id\":\"https:\\\/\\\/brandkind.fi\\\/fi\\\/blogit\\\/kannamme-kortemme-kekoon-ympariston-puolesta\\\/\"},\"author\":{\"name\":\"BK-yllapito\",\"@id\":\"https:\\\/\\\/brandkind.fi\\\/#\\\/schema\\\/person\\\/d5e7e3d0a737509cfe5ddac86a8bbbca\"},\"headline\":\"Kannamme kortemme kekoon ymp\u00e4rist\u00f6n puolesta\",\"datePublished\":\"2021-06-15T11:04:04+00:00\",\"dateModified\":\"2024-10-11T13:08:31+00:00\",\"mainEntityOfPage\":{\"@id\":\"https:\\\/\\\/brandkind.fi\\\/fi\\\/blogit\\\/kannamme-kortemme-kekoon-ympariston-puolesta\\\/\"},\"wordCount\":313,\"publisher\":{\"@id\":\"https:\\\/\\\/brandkind.fi\\\/#organization\"},\"image\":{\"@id\":\"https:\\\/\\\/brandkind.fi\\\/fi\\\/blogit\\\/kannamme-kortemme-kekoon-ympariston-puolesta\\\/#primaryimage\"},\"thumbnailUrl\":\"https:\\\/\\\/brandkind.fi\\\/wp-content\\\/uploads\\\/2024\\\/05\\\/BK_Blog_Images_BK_Blog_Images-22.jpg\",\"articleSection\":[\"Blogit\"],\"inLanguage\":\"fi\"},{\"@type\":\"WebPage\",\"@id\":\"https:\\\/\\\/brandkind.fi\\\/fi\\\/blogit\\\/kannamme-kortemme-kekoon-ympariston-puolesta\\\/\",\"url\":\"https:\\\/\\\/brandkind.fi\\\/fi\\\/blogit\\\/kannamme-kortemme-kekoon-ympariston-puolesta\\\/\",\"name\":\"Kannamme kortemme kekoon ymp\u00e4rist\u00f6n puolesta &#8211; Brandkind\",\"isPartOf\":{\"@id\":\"https:\\\/\\\/brandkind.fi\\\/#website\"},\"primaryImageOfPage\":{\"@id\":\"https:\\\/\\\/brandkind.fi\\\/fi\\\/blogit\\\/kannamme-kortemme-kekoon-ympariston-puolesta\\\/#primaryimage\"},\"image\":{\"@id\":\"https:\\\/\\\/brandkind.fi\\\/fi\\\/blogit\\\/kannamme-kortemme-kekoon-ympariston-puolesta\\\/#primaryimage\"},\"thumbnailUrl\":\"https:\\\/\\\/brandkind.fi\\\/wp-content\\\/uploads\\\/2024\\\/05\\\/BK_Blog_Images_BK_Blog_Images-22.jpg\",\"datePublished\":\"2021-06-15T11:04:04+00:00\",\"dateModified\":\"2024-10-11T13:08:31+00:00\",\"description\":\"Ymp\u00e4rist\u00f6n tila vaikuttaa meihin kaikkiin, ja Brandkindissa olemme p\u00e4\u00e4tt\u00e4neet tehd\u00e4 oman osamme hiilidioksidip\u00e4\u00e4st\u00f6jen v\u00e4hent\u00e4miseksi. Siksi olemme laatineet Brandkindin ymp\u00e4rist\u00f6ohjelman.\",\"breadcrumb\":{\"@id\":\"https:\\\/\\\/brandkind.fi\\\/fi\\\/blogit\\\/kannamme-kortemme-kekoon-ympariston-puolesta\\\/#breadcrumb\"},\"inLanguage\":\"fi\",\"potentialAction\":[{\"@type\":\"ReadAction\",\"target\":[\"https:\\\/\\\/brandkind.fi\\\/fi\\\/blogit\\\/kannamme-kortemme-kekoon-ympariston-puolesta\\\/\"]}]},{\"@type\":\"ImageObject\",\"inLanguage\":\"fi\",\"@id\":\"https:\\\/\\\/brandkind.fi\\\/fi\\\/blogit\\\/kannamme-kortemme-kekoon-ympariston-puolesta\\\/#primaryimage\",\"url\":\"https:\\\/\\\/brandkind.fi\\\/wp-content\\\/uploads\\\/2024\\\/05\\\/BK_Blog_Images_BK_Blog_Images-22.jpg\",\"contentUrl\":\"https:\\\/\\\/brandkind.fi\\\/wp-content\\\/uploads\\\/2024\\\/05\\\/BK_Blog_Images_BK_Blog_Images-22.jpg\",\"width\":1920,\"height\":1080},{\"@type\":\"BreadcrumbList\",\"@id\":\"https:\\\/\\\/brandkind.fi\\\/fi\\\/blogit\\\/kannamme-kortemme-kekoon-ympariston-puolesta\\\/#breadcrumb\",\"itemListElement\":[{\"@type\":\"ListItem\",\"position\":1,\"name\":\"Home\",\"item\":\"https:\\\/\\\/brandkind.fi\\\/fi\\\/\"},{\"@type\":\"ListItem\",\"position\":2,\"name\":\"Kannamme kortemme kekoon ymp\u00e4rist\u00f6n puolesta\"}]},{\"@type\":\"WebSite\",\"@id\":\"https:\\\/\\\/brandkind.fi\\\/#website\",\"url\":\"https:\\\/\\\/brandkind.fi\\\/\",\"name\":\"Brandkind\",\"description\":\"\",\"publisher\":{\"@id\":\"https:\\\/\\\/brandkind.fi\\\/#organization\"},\"potentialAction\":[{\"@type\":\"SearchAction\",\"target\":{\"@type\":\"EntryPoint\",\"urlTemplate\":\"https:\\\/\\\/brandkind.fi\\\/?s={search_term_string}\"},\"query-input\":{\"@type\":\"PropertyValueSpecification\",\"valueRequired\":true,\"valueName\":\"search_term_string\"}}],\"inLanguage\":\"fi\"},{\"@type\":\"Organization\",\"@id\":\"https:\\\/\\\/brandkind.fi\\\/#organization\",\"name\":\"Brandkind\",\"alternateName\":\"Brandkind\",\"url\":\"https:\\\/\\\/brandkind.fi\\\/\",\"logo\":{\"@type\":\"ImageObject\",\"inLanguage\":\"fi\",\"@id\":\"https:\\\/\\\/brandkind.fi\\\/#\\\/schema\\\/logo\\\/image\\\/\",\"url\":\"https:\\\/\\\/brandkind.fi\\\/wp-content\\\/uploads\\\/2023\\\/11\\\/Brandkind-logo-1.png\",\"contentUrl\":\"https:\\\/\\\/brandkind.fi\\\/wp-content\\\/uploads\\\/2023\\\/11\\\/Brandkind-logo-1.png\",\"width\":1680,\"height\":251,\"caption\":\"Brandkind\"},\"image\":{\"@id\":\"https:\\\/\\\/brandkind.fi\\\/#\\\/schema\\\/logo\\\/image\\\/\"},\"sameAs\":[\"https:\\\/\\\/www.facebook.com\\\/brandkind\\\/\",\"https:\\\/\\\/linkedin.com\\\/company\\\/brandkind\"]},{\"@type\":\"Person\",\"@id\":\"https:\\\/\\\/brandkind.fi\\\/#\\\/schema\\\/person\\\/d5e7e3d0a737509cfe5ddac86a8bbbca\",\"name\":\"BK-yllapito\",\"image\":{\"@type\":\"ImageObject\",\"inLanguage\":\"fi\",\"@id\":\"https:\\\/\\\/secure.gravatar.com\\\/avatar\\\/1f057a9f3f4223dda5af82432c4665f4d7f9d2e8fdebbf0810ba332213d434bf?s=96&d=mm&r=g\",\"url\":\"https:\\\/\\\/secure.gravatar.com\\\/avatar\\\/1f057a9f3f4223dda5af82432c4665f4d7f9d2e8fdebbf0810ba332213d434bf?s=96&d=mm&r=g\",\"contentUrl\":\"https:\\\/\\\/secure.gravatar.com\\\/avatar\\\/1f057a9f3f4223dda5af82432c4665f4d7f9d2e8fdebbf0810ba332213d434bf?s=96&d=mm&r=g\",\"caption\":\"BK-yllapito\"},\"sameAs\":[\"https:\\\/\\\/brandkind.fi\"]}]}<\/script>\n<!-- \/ Yoast SEO plugin. -->","yoast_head_json":{"title":"Kannamme kortemme kekoon ymp\u00e4rist\u00f6n puolesta &#8211; Brandkind","description":"Ymp\u00e4rist\u00f6n tila vaikuttaa meihin kaikkiin, ja Brandkindissa olemme p\u00e4\u00e4tt\u00e4neet tehd\u00e4 oman osamme hiilidioksidip\u00e4\u00e4st\u00f6jen v\u00e4hent\u00e4miseksi. Siksi olemme laatineet Brandkindin ymp\u00e4rist\u00f6ohjelman.","robots":{"index":"index","follow":"follow","max-snippet":"max-snippet:-1","max-image-preview":"max-image-preview:large","max-video-preview":"max-video-preview:-1"},"canonical":"https:\/\/brandkind.fi\/fi\/blogit\/kannamme-kortemme-kekoon-ympariston-puolesta\/","og_locale":"fi_FI","og_type":"article","og_title":"Kannamme kortemme kekoon ymp\u00e4rist\u00f6n puolesta &#8211; Brandkind","og_description":"Ymp\u00e4rist\u00f6n tila vaikuttaa meihin kaikkiin, ja Brandkindissa olemme p\u00e4\u00e4tt\u00e4neet tehd\u00e4 oman osamme hiilidioksidip\u00e4\u00e4st\u00f6jen v\u00e4hent\u00e4miseksi. Siksi olemme laatineet Brandkindin ymp\u00e4rist\u00f6ohjelman.","og_url":"https:\/\/brandkind.fi\/fi\/blogit\/kannamme-kortemme-kekoon-ympariston-puolesta\/","og_site_name":"Brandkind","article_publisher":"https:\/\/www.facebook.com\/brandkind\/","article_published_time":"2021-06-15T11:04:04+00:00","article_modified_time":"2024-10-11T13:08:31+00:00","og_image":[{"width":1920,"height":1080,"url":"https:\/\/brandkind.fi\/wp-content\/uploads\/2024\/05\/BK_Blog_Images_BK_Blog_Images-22.jpg","type":"image\/jpeg"}],"author":"BK-yllapito","twitter_card":"summary_large_image","twitter_misc":{"Kirjoittanut":"BK-yllapito","Arvioitu lukuaika":"2 minuuttia"},"schema":{"@context":"https:\/\/schema.org","@graph":[{"@type":"Article","@id":"https:\/\/brandkind.fi\/fi\/blogit\/kannamme-kortemme-kekoon-ympariston-puolesta\/#article","isPartOf":{"@id":"https:\/\/brandkind.fi\/fi\/blogit\/kannamme-kortemme-kekoon-ympariston-puolesta\/"},"author":{"name":"BK-yllapito","@id":"https:\/\/brandkind.fi\/#\/schema\/person\/d5e7e3d0a737509cfe5ddac86a8bbbca"},"headline":"Kannamme kortemme kekoon ymp\u00e4rist\u00f6n puolesta","datePublished":"2021-06-15T11:04:04+00:00","dateModified":"2024-10-11T13:08:31+00:00","mainEntityOfPage":{"@id":"https:\/\/brandkind.fi\/fi\/blogit\/kannamme-kortemme-kekoon-ympariston-puolesta\/"},"wordCount":313,"publisher":{"@id":"https:\/\/brandkind.fi\/#organization"},"image":{"@id":"https:\/\/brandkind.fi\/fi\/blogit\/kannamme-kortemme-kekoon-ympariston-puolesta\/#primaryimage"},"thumbnailUrl":"https:\/\/brandkind.fi\/wp-content\/uploads\/2024\/05\/BK_Blog_Images_BK_Blog_Images-22.jpg","articleSection":["Blogit"],"inLanguage":"fi"},{"@type":"WebPage","@id":"https:\/\/brandkind.fi\/fi\/blogit\/kannamme-kortemme-kekoon-ympariston-puolesta\/","url":"https:\/\/brandkind.fi\/fi\/blogit\/kannamme-kortemme-kekoon-ympariston-puolesta\/","name":"Kannamme kortemme kekoon ymp\u00e4rist\u00f6n puolesta &#8211; Brandkind","isPartOf":{"@id":"https:\/\/brandkind.fi\/#website"},"primaryImageOfPage":{"@id":"https:\/\/brandkind.fi\/fi\/blogit\/kannamme-kortemme-kekoon-ympariston-puolesta\/#primaryimage"},"image":{"@id":"https:\/\/brandkind.fi\/fi\/blogit\/kannamme-kortemme-kekoon-ympariston-puolesta\/#primaryimage"},"thumbnailUrl":"https:\/\/brandkind.fi\/wp-content\/uploads\/2024\/05\/BK_Blog_Images_BK_Blog_Images-22.jpg","datePublished":"2021-06-15T11:04:04+00:00","dateModified":"2024-10-11T13:08:31+00:00","description":"Ymp\u00e4rist\u00f6n tila vaikuttaa meihin kaikkiin, ja Brandkindissa olemme p\u00e4\u00e4tt\u00e4neet tehd\u00e4 oman osamme hiilidioksidip\u00e4\u00e4st\u00f6jen v\u00e4hent\u00e4miseksi. Siksi olemme laatineet Brandkindin ymp\u00e4rist\u00f6ohjelman.","breadcrumb":{"@id":"https:\/\/brandkind.fi\/fi\/blogit\/kannamme-kortemme-kekoon-ympariston-puolesta\/#breadcrumb"},"inLanguage":"fi","potentialAction":[{"@type":"ReadAction","target":["https:\/\/brandkind.fi\/fi\/blogit\/kannamme-kortemme-kekoon-ympariston-puolesta\/"]}]},{"@type":"ImageObject","inLanguage":"fi","@id":"https:\/\/brandkind.fi\/fi\/blogit\/kannamme-kortemme-kekoon-ympariston-puolesta\/#primaryimage","url":"https:\/\/brandkind.fi\/wp-content\/uploads\/2024\/05\/BK_Blog_Images_BK_Blog_Images-22.jpg","contentUrl":"https:\/\/brandkind.fi\/wp-content\/uploads\/2024\/05\/BK_Blog_Images_BK_Blog_Images-22.jpg","width":1920,"height":1080},{"@type":"BreadcrumbList","@id":"https:\/\/brandkind.fi\/fi\/blogit\/kannamme-kortemme-kekoon-ympariston-puolesta\/#breadcrumb","itemListElement":[{"@type":"ListItem","position":1,"name":"Home","item":"https:\/\/brandkind.fi\/fi\/"},{"@type":"ListItem","position":2,"name":"Kannamme kortemme kekoon ymp\u00e4rist\u00f6n puolesta"}]},{"@type":"WebSite","@id":"https:\/\/brandkind.fi\/#website","url":"https:\/\/brandkind.fi\/","name":"Brandkind","description":"","publisher":{"@id":"https:\/\/brandkind.fi\/#organization"},"potentialAction":[{"@type":"SearchAction","target":{"@type":"EntryPoint","urlTemplate":"https:\/\/brandkind.fi\/?s={search_term_string}"},"query-input":{"@type":"PropertyValueSpecification","valueRequired":true,"valueName":"search_term_string"}}],"inLanguage":"fi"},{"@type":"Organization","@id":"https:\/\/brandkind.fi\/#organization","name":"Brandkind","alternateName":"Brandkind","url":"https:\/\/brandkind.fi\/","logo":{"@type":"ImageObject","inLanguage":"fi","@id":"https:\/\/brandkind.fi\/#\/schema\/logo\/image\/","url":"https:\/\/brandkind.fi\/wp-content\/uploads\/2023\/11\/Brandkind-logo-1.png","contentUrl":"https:\/\/brandkind.fi\/wp-content\/uploads\/2023\/11\/Brandkind-logo-1.png","width":1680,"height":251,"caption":"Brandkind"},"image":{"@id":"https:\/\/brandkind.fi\/#\/schema\/logo\/image\/"},"sameAs":["https:\/\/www.facebook.com\/brandkind\/","https:\/\/linkedin.com\/company\/brandkind"]},{"@type":"Person","@id":"https:\/\/brandkind.fi\/#\/schema\/person\/d5e7e3d0a737509cfe5ddac86a8bbbca","name":"BK-yllapito","image":{"@type":"ImageObject","inLanguage":"fi","@id":"https:\/\/secure.gravatar.com\/avatar\/1f057a9f3f4223dda5af82432c4665f4d7f9d2e8fdebbf0810ba332213d434bf?s=96&d=mm&r=g","url":"https:\/\/secure.gravatar.com\/avatar\/1f057a9f3f4223dda5af82432c4665f4d7f9d2e8fdebbf0810ba332213d434bf?s=96&d=mm&r=g","contentUrl":"https:\/\/secure.gravatar.com\/avatar\/1f057a9f3f4223dda5af82432c4665f4d7f9d2e8fdebbf0810ba332213d434bf?s=96&d=mm&r=g","caption":"BK-yllapito"},"sameAs":["https:\/\/brandkind.fi"]}]}},"_links":{"self":[{"href":"https:\/\/brandkind.fi\/fi\/wp-json\/wp\/v2\/posts\/5429","targetHints":{"allow":["GET"]}}],"collection":[{"href":"https:\/\/brandkind.fi\/fi\/wp-json\/wp\/v2\/posts"}],"about":[{"href":"https:\/\/brandkind.fi\/fi\/wp-json\/wp\/v2\/types\/post"}],"author":[{"embeddable":true,"href":"https:\/\/brandkind.fi\/fi\/wp-json\/wp\/v2\/users\/1"}],"replies":[{"embeddable":true,"href":"https:\/\/brandkind.fi\/fi\/wp-json\/wp\/v2\/comments?post=5429"}],"version-history":[{"count":3,"href":"https:\/\/brandkind.fi\/fi\/wp-json\/wp\/v2\/posts\/5429\/revisions"}],"predecessor-version":[{"id":5433,"href":"https:\/\/brandkind.fi\/fi\/wp-json\/wp\/v2\/posts\/5429\/revisions\/5433"}],"wp:featuredmedia":[{"embeddable":true,"href":"https:\/\/brandkind.fi\/fi\/wp-json\/wp\/v2\/media\/4805"}],"wp:attachment":[{"href":"https:\/\/brandkind.fi\/fi\/wp-json\/wp\/v2\/media?parent=5429"}],"wp:term":[{"taxonomy":"category","embeddable":true,"href":"https:\/\/brandkind.fi\/fi\/wp-json\/wp\/v2\/categories?post=5429"},{"taxonomy":"post_tag","embeddable":true,"href":"https:\/\/brandkind.fi\/fi\/wp-json\/wp\/v2\/tags?post=5429"}],"curies":[{"name":"wp","href":"https:\/\/api.w.org\/{rel}","templated":true}]}}