{"id":5418,"date":"2022-01-18T11:45:30","date_gmt":"2022-01-18T11:45:30","guid":{"rendered":"https:\/\/brandkind.fi\/uncategorized-fi\/brandkind-ehdolla-vuoden-toimistoksi-2022\/"},"modified":"2025-01-28T08:55:44","modified_gmt":"2025-01-28T08:55:44","slug":"brandkind-ehdolla-vuoden-toimistoksi-2022","status":"publish","type":"post","link":"https:\/\/brandkind.fi\/fi\/blogit\/brandkind-ehdolla-vuoden-toimistoksi-2022\/","title":{"rendered":"Brandkind ehdolla vuoden toimistoksi 2022"},"content":{"rendered":"\n<p>Yksi kannustavimmista asioista, joita Brandkindin kaltaiselle asiakaskeskeiselle yritykselle voi tapahtua, on saada positiivista palautetta asiakkailtamme. Siksi olemme todella innoissamme siit\u00e4, ett\u00e4 meid\u00e4t valittiin Vuoden toimisto 2022 -kilpailun finalistiksi.<\/p>\n\n<p>Ruotsalainen tutkimusyhti\u00f6 Regi on jakanut palkintoa Suomessa vuodesta 2016. Palkinto on merkitt\u00e4v\u00e4, koska nimitykset perustuvat markkinointi- ja viestint\u00e4palvelujen ostajien vastauksiin. T\u00e4n\u00e4 vuonna asiakaskyselyyn saatiin 871 ehdotusta, joista valittiin yhteens\u00e4 43 finalistia 13 kategoriassa. Brandkind on yksi seitsem\u00e4st\u00e4 finalistista toimistojen luokassa, joiden liikevaihto on 1\u20132 miljoonaa euroa.<\/p>\n\n<h2 class=\"wp-block-heading\">Upeita br\u00e4ndej\u00e4, upeita ihmisi\u00e4<\/h2>\n\n<p>Meille t\u00e4m\u00e4 on lis\u00e4todiste siit\u00e4, ett\u00e4 teemme jotain oikein.\u00a0&#8221;Ty\u00f6skentelemme upeiden br\u00e4ndien ja niist\u00e4 vastaavien upeiden ihmisten kanssa&#8221;, sanoo Brandkindin toimitusjohtaja <strong>Marja Peltola<\/strong>.\u00a0&#8221;B2B-markkinointiviestinn\u00e4n tarpeiden kuunteleminen ja ymm\u00e4rt\u00e4minen on yksi erityistaidoistamme. Iloitsemme siit\u00e4, ett\u00e4 roolimme globaalien markkinoiden tulkkina palkitaan juuri t\u00e4ll\u00e4 tavalla.\u201d<\/p>\n\n<p>Viime vuosina Brandkind kasvattanut liiketoimintaa asiakastyytyv\u00e4isyyden maksimointifilosofian kautta. Otamme vastuumme vakavasti ja vaalimme pitk\u00e4aikaisia suhteita, jotka hy\u00f6dytt\u00e4v\u00e4t meit\u00e4 kaikkia. Ja ihmiset, jotka ty\u00f6skentelev\u00e4t meille, eiv\u00e4t ole vain pitk\u00e4n kokemuksen omaavia ammattilaisia, vaan ovat my\u00f6s loistavia tyyppej\u00e4.<\/p>\n\n<p>&#8221;T\u00e4m\u00e4 nimitys antaa meille my\u00f6s signaalin siit\u00e4, ett\u00e4 olemme oikealla tiell\u00e4 sek\u00e4 kasvusuunnitelmiemme ett\u00e4 parhaan asiakaskokemuksen tarjoamisen kannalta&#8221;, Peltola toteaa.<\/p>\n\n<p>Kilpailun voittajat julkistetaan palkintogaalassa Helsingiss\u00e4 17.2.2022.<\/p>\n","protected":false},"excerpt":{"rendered":"<p>Yksi kannustavimmista asioista, joita Brandkindin kaltaiselle asiakaskeskeiselle yritykselle voi tapahtua, on saada positiivista palautetta asiakkailtamme. Siksi olemme todella innoissamme siit\u00e4, ett\u00e4 meid\u00e4t valittiin Vuoden toimisto 2022 -kilpailun finalistiksi. Ruotsalainen tutkimusyhti\u00f6 Regi on jakanut palkintoa Suomessa vuodesta 2016. Palkinto on merkitt\u00e4v\u00e4, koska nimitykset perustuvat markkinointi- ja viestint\u00e4palvelujen ostajien vastauksiin. T\u00e4n\u00e4 vuonna asiakaskyselyyn saatiin 871 ehdotusta, joista [&#8230;]<\/p>\n<p><a class=\"btn btn-secondary understrap-read-more-link\" href=\"https:\/\/brandkind.fi\/fi\/blogit\/brandkind-ehdolla-vuoden-toimistoksi-2022\/\">Lue lis\u00e4\u00e4&#8230;<span class=\"screen-reader-text\"> from Brandkind ehdolla vuoden toimistoksi 2022<\/span><\/a><\/p>\n","protected":false},"author":1,"featured_media":4132,"comment_status":"closed","ping_status":"closed","sticky":false,"template":"","format":"standard","meta":{"_improvement_type_select":"improve_an_existing","_thumb_yes_seoaic":false,"_frame_yes_seoaic":false,"seoaic_generate_description":"","seoaic_improve_instructions_prompt":"","seoaic_rollback_content_improvement":"","seoaic_idea_thumbnail_generator":"","thumbnail_generated":false,"thumbnail_generate_prompt":"","seoaic_article_description":"","_monsterinsights_skip_tracking":false,"_monsterinsights_sitenote_active":false,"_monsterinsights_sitenote_note":"","_monsterinsights_sitenote_category":0,"seoaic_article_subtitles":[],"footnotes":""},"categories":[44],"tags":[],"class_list":["post-5418","post","type-post","status-publish","format-standard","has-post-thumbnail","hentry","category-blogit"],"acf":[],"yoast_head":"<!-- This site is optimized with the Yoast SEO plugin v27.5 - https:\/\/yoast.com\/product\/yoast-seo-wordpress\/ -->\n<title>Brandkind ehdolla vuoden toimistoksi 2022 &#8211; Brandkind<\/title>\n<meta name=\"description\" content=\"Brandkind on ehdolla Regin Vuoden toimisto 2022 -palkinnon saajaksi. Nimitysehdotus tulee asiakkailtamme, eli se on lis\u00e4todiste asiakaskeskeisen toimintatapamme toimivuudesta.\" \/>\n<meta name=\"robots\" content=\"index, follow, max-snippet:-1, max-image-preview:large, max-video-preview:-1\" \/>\n<link rel=\"canonical\" href=\"https:\/\/brandkind.fi\/fi\/blogit\/brandkind-ehdolla-vuoden-toimistoksi-2022\/\" \/>\n<meta property=\"og:locale\" content=\"fi_FI\" \/>\n<meta property=\"og:type\" content=\"article\" \/>\n<meta property=\"og:title\" content=\"Brandkind ehdolla vuoden toimistoksi 2022 &#8211; Brandkind\" \/>\n<meta property=\"og:description\" content=\"Brandkind on ehdolla Regin Vuoden toimisto 2022 -palkinnon saajaksi. Nimitysehdotus tulee asiakkailtamme, eli se on lis\u00e4todiste asiakaskeskeisen toimintatapamme toimivuudesta.\" \/>\n<meta property=\"og:url\" content=\"https:\/\/brandkind.fi\/fi\/blogit\/brandkind-ehdolla-vuoden-toimistoksi-2022\/\" \/>\n<meta property=\"og:site_name\" content=\"Brandkind\" \/>\n<meta property=\"article:publisher\" content=\"https:\/\/www.facebook.com\/brandkind\/\" \/>\n<meta property=\"article:published_time\" content=\"2022-01-18T11:45:30+00:00\" \/>\n<meta property=\"article:modified_time\" content=\"2025-01-28T08:55:44+00:00\" \/>\n<meta property=\"og:image\" content=\"https:\/\/brandkind.fi\/wp-content\/uploads\/2024\/01\/BK_Blog_Text_Brandkind_Headline-12.png\" \/>\n\t<meta property=\"og:image:width\" content=\"1920\" \/>\n\t<meta property=\"og:image:height\" content=\"1080\" \/>\n\t<meta property=\"og:image:type\" content=\"image\/png\" \/>\n<meta name=\"author\" content=\"BK-yllapito\" \/>\n<meta name=\"twitter:card\" content=\"summary_large_image\" \/>\n<meta name=\"twitter:label1\" content=\"Kirjoittanut\" \/>\n\t<meta name=\"twitter:data1\" content=\"BK-yllapito\" \/>\n\t<meta name=\"twitter:label2\" content=\"Arvioitu lukuaika\" \/>\n\t<meta name=\"twitter:data2\" content=\"1 minuutti\" \/>\n<script type=\"application\/ld+json\" class=\"yoast-schema-graph\">{\"@context\":\"https:\\\/\\\/schema.org\",\"@graph\":[{\"@type\":\"Article\",\"@id\":\"https:\\\/\\\/brandkind.fi\\\/fi\\\/blogit\\\/brandkind-ehdolla-vuoden-toimistoksi-2022\\\/#article\",\"isPartOf\":{\"@id\":\"https:\\\/\\\/brandkind.fi\\\/fi\\\/blogit\\\/brandkind-ehdolla-vuoden-toimistoksi-2022\\\/\"},\"author\":{\"name\":\"BK-yllapito\",\"@id\":\"https:\\\/\\\/brandkind.fi\\\/#\\\/schema\\\/person\\\/d5e7e3d0a737509cfe5ddac86a8bbbca\"},\"headline\":\"Brandkind ehdolla vuoden toimistoksi 2022\",\"datePublished\":\"2022-01-18T11:45:30+00:00\",\"dateModified\":\"2025-01-28T08:55:44+00:00\",\"mainEntityOfPage\":{\"@id\":\"https:\\\/\\\/brandkind.fi\\\/fi\\\/blogit\\\/brandkind-ehdolla-vuoden-toimistoksi-2022\\\/\"},\"wordCount\":206,\"publisher\":{\"@id\":\"https:\\\/\\\/brandkind.fi\\\/#organization\"},\"image\":{\"@id\":\"https:\\\/\\\/brandkind.fi\\\/fi\\\/blogit\\\/brandkind-ehdolla-vuoden-toimistoksi-2022\\\/#primaryimage\"},\"thumbnailUrl\":\"https:\\\/\\\/brandkind.fi\\\/wp-content\\\/uploads\\\/2024\\\/01\\\/BK_Blog_Text_Brandkind_Headline-12.png\",\"articleSection\":[\"Blogit\"],\"inLanguage\":\"fi\"},{\"@type\":\"WebPage\",\"@id\":\"https:\\\/\\\/brandkind.fi\\\/fi\\\/blogit\\\/brandkind-ehdolla-vuoden-toimistoksi-2022\\\/\",\"url\":\"https:\\\/\\\/brandkind.fi\\\/fi\\\/blogit\\\/brandkind-ehdolla-vuoden-toimistoksi-2022\\\/\",\"name\":\"Brandkind ehdolla vuoden toimistoksi 2022 &#8211; Brandkind\",\"isPartOf\":{\"@id\":\"https:\\\/\\\/brandkind.fi\\\/#website\"},\"primaryImageOfPage\":{\"@id\":\"https:\\\/\\\/brandkind.fi\\\/fi\\\/blogit\\\/brandkind-ehdolla-vuoden-toimistoksi-2022\\\/#primaryimage\"},\"image\":{\"@id\":\"https:\\\/\\\/brandkind.fi\\\/fi\\\/blogit\\\/brandkind-ehdolla-vuoden-toimistoksi-2022\\\/#primaryimage\"},\"thumbnailUrl\":\"https:\\\/\\\/brandkind.fi\\\/wp-content\\\/uploads\\\/2024\\\/01\\\/BK_Blog_Text_Brandkind_Headline-12.png\",\"datePublished\":\"2022-01-18T11:45:30+00:00\",\"dateModified\":\"2025-01-28T08:55:44+00:00\",\"description\":\"Brandkind on ehdolla Regin Vuoden toimisto 2022 -palkinnon saajaksi. Nimitysehdotus tulee asiakkailtamme, eli se on lis\u00e4todiste asiakaskeskeisen toimintatapamme toimivuudesta.\",\"breadcrumb\":{\"@id\":\"https:\\\/\\\/brandkind.fi\\\/fi\\\/blogit\\\/brandkind-ehdolla-vuoden-toimistoksi-2022\\\/#breadcrumb\"},\"inLanguage\":\"fi\",\"potentialAction\":[{\"@type\":\"ReadAction\",\"target\":[\"https:\\\/\\\/brandkind.fi\\\/fi\\\/blogit\\\/brandkind-ehdolla-vuoden-toimistoksi-2022\\\/\"]}]},{\"@type\":\"ImageObject\",\"inLanguage\":\"fi\",\"@id\":\"https:\\\/\\\/brandkind.fi\\\/fi\\\/blogit\\\/brandkind-ehdolla-vuoden-toimistoksi-2022\\\/#primaryimage\",\"url\":\"https:\\\/\\\/brandkind.fi\\\/wp-content\\\/uploads\\\/2024\\\/01\\\/BK_Blog_Text_Brandkind_Headline-12.png\",\"contentUrl\":\"https:\\\/\\\/brandkind.fi\\\/wp-content\\\/uploads\\\/2024\\\/01\\\/BK_Blog_Text_Brandkind_Headline-12.png\",\"width\":1920,\"height\":1080},{\"@type\":\"BreadcrumbList\",\"@id\":\"https:\\\/\\\/brandkind.fi\\\/fi\\\/blogit\\\/brandkind-ehdolla-vuoden-toimistoksi-2022\\\/#breadcrumb\",\"itemListElement\":[{\"@type\":\"ListItem\",\"position\":1,\"name\":\"Home\",\"item\":\"https:\\\/\\\/brandkind.fi\\\/fi\\\/\"},{\"@type\":\"ListItem\",\"position\":2,\"name\":\"Brandkind ehdolla vuoden toimistoksi 2022\"}]},{\"@type\":\"WebSite\",\"@id\":\"https:\\\/\\\/brandkind.fi\\\/#website\",\"url\":\"https:\\\/\\\/brandkind.fi\\\/\",\"name\":\"Brandkind\",\"description\":\"\",\"publisher\":{\"@id\":\"https:\\\/\\\/brandkind.fi\\\/#organization\"},\"potentialAction\":[{\"@type\":\"SearchAction\",\"target\":{\"@type\":\"EntryPoint\",\"urlTemplate\":\"https:\\\/\\\/brandkind.fi\\\/?s={search_term_string}\"},\"query-input\":{\"@type\":\"PropertyValueSpecification\",\"valueRequired\":true,\"valueName\":\"search_term_string\"}}],\"inLanguage\":\"fi\"},{\"@type\":\"Organization\",\"@id\":\"https:\\\/\\\/brandkind.fi\\\/#organization\",\"name\":\"Brandkind\",\"alternateName\":\"Brandkind\",\"url\":\"https:\\\/\\\/brandkind.fi\\\/\",\"logo\":{\"@type\":\"ImageObject\",\"inLanguage\":\"fi\",\"@id\":\"https:\\\/\\\/brandkind.fi\\\/#\\\/schema\\\/logo\\\/image\\\/\",\"url\":\"https:\\\/\\\/brandkind.fi\\\/wp-content\\\/uploads\\\/2023\\\/11\\\/Brandkind-logo-1.png\",\"contentUrl\":\"https:\\\/\\\/brandkind.fi\\\/wp-content\\\/uploads\\\/2023\\\/11\\\/Brandkind-logo-1.png\",\"width\":1680,\"height\":251,\"caption\":\"Brandkind\"},\"image\":{\"@id\":\"https:\\\/\\\/brandkind.fi\\\/#\\\/schema\\\/logo\\\/image\\\/\"},\"sameAs\":[\"https:\\\/\\\/www.facebook.com\\\/brandkind\\\/\",\"https:\\\/\\\/linkedin.com\\\/company\\\/brandkind\"]},{\"@type\":\"Person\",\"@id\":\"https:\\\/\\\/brandkind.fi\\\/#\\\/schema\\\/person\\\/d5e7e3d0a737509cfe5ddac86a8bbbca\",\"name\":\"BK-yllapito\",\"image\":{\"@type\":\"ImageObject\",\"inLanguage\":\"fi\",\"@id\":\"https:\\\/\\\/secure.gravatar.com\\\/avatar\\\/1f057a9f3f4223dda5af82432c4665f4d7f9d2e8fdebbf0810ba332213d434bf?s=96&d=mm&r=g\",\"url\":\"https:\\\/\\\/secure.gravatar.com\\\/avatar\\\/1f057a9f3f4223dda5af82432c4665f4d7f9d2e8fdebbf0810ba332213d434bf?s=96&d=mm&r=g\",\"contentUrl\":\"https:\\\/\\\/secure.gravatar.com\\\/avatar\\\/1f057a9f3f4223dda5af82432c4665f4d7f9d2e8fdebbf0810ba332213d434bf?s=96&d=mm&r=g\",\"caption\":\"BK-yllapito\"},\"sameAs\":[\"https:\\\/\\\/brandkind.fi\"]}]}<\/script>\n<!-- \/ Yoast SEO plugin. -->","yoast_head_json":{"title":"Brandkind ehdolla vuoden toimistoksi 2022 &#8211; Brandkind","description":"Brandkind on ehdolla Regin Vuoden toimisto 2022 -palkinnon saajaksi. Nimitysehdotus tulee asiakkailtamme, eli se on lis\u00e4todiste asiakaskeskeisen toimintatapamme toimivuudesta.","robots":{"index":"index","follow":"follow","max-snippet":"max-snippet:-1","max-image-preview":"max-image-preview:large","max-video-preview":"max-video-preview:-1"},"canonical":"https:\/\/brandkind.fi\/fi\/blogit\/brandkind-ehdolla-vuoden-toimistoksi-2022\/","og_locale":"fi_FI","og_type":"article","og_title":"Brandkind ehdolla vuoden toimistoksi 2022 &#8211; Brandkind","og_description":"Brandkind on ehdolla Regin Vuoden toimisto 2022 -palkinnon saajaksi. Nimitysehdotus tulee asiakkailtamme, eli se on lis\u00e4todiste asiakaskeskeisen toimintatapamme toimivuudesta.","og_url":"https:\/\/brandkind.fi\/fi\/blogit\/brandkind-ehdolla-vuoden-toimistoksi-2022\/","og_site_name":"Brandkind","article_publisher":"https:\/\/www.facebook.com\/brandkind\/","article_published_time":"2022-01-18T11:45:30+00:00","article_modified_time":"2025-01-28T08:55:44+00:00","og_image":[{"width":1920,"height":1080,"url":"https:\/\/brandkind.fi\/wp-content\/uploads\/2024\/01\/BK_Blog_Text_Brandkind_Headline-12.png","type":"image\/png"}],"author":"BK-yllapito","twitter_card":"summary_large_image","twitter_misc":{"Kirjoittanut":"BK-yllapito","Arvioitu lukuaika":"1 minuutti"},"schema":{"@context":"https:\/\/schema.org","@graph":[{"@type":"Article","@id":"https:\/\/brandkind.fi\/fi\/blogit\/brandkind-ehdolla-vuoden-toimistoksi-2022\/#article","isPartOf":{"@id":"https:\/\/brandkind.fi\/fi\/blogit\/brandkind-ehdolla-vuoden-toimistoksi-2022\/"},"author":{"name":"BK-yllapito","@id":"https:\/\/brandkind.fi\/#\/schema\/person\/d5e7e3d0a737509cfe5ddac86a8bbbca"},"headline":"Brandkind ehdolla vuoden toimistoksi 2022","datePublished":"2022-01-18T11:45:30+00:00","dateModified":"2025-01-28T08:55:44+00:00","mainEntityOfPage":{"@id":"https:\/\/brandkind.fi\/fi\/blogit\/brandkind-ehdolla-vuoden-toimistoksi-2022\/"},"wordCount":206,"publisher":{"@id":"https:\/\/brandkind.fi\/#organization"},"image":{"@id":"https:\/\/brandkind.fi\/fi\/blogit\/brandkind-ehdolla-vuoden-toimistoksi-2022\/#primaryimage"},"thumbnailUrl":"https:\/\/brandkind.fi\/wp-content\/uploads\/2024\/01\/BK_Blog_Text_Brandkind_Headline-12.png","articleSection":["Blogit"],"inLanguage":"fi"},{"@type":"WebPage","@id":"https:\/\/brandkind.fi\/fi\/blogit\/brandkind-ehdolla-vuoden-toimistoksi-2022\/","url":"https:\/\/brandkind.fi\/fi\/blogit\/brandkind-ehdolla-vuoden-toimistoksi-2022\/","name":"Brandkind ehdolla vuoden toimistoksi 2022 &#8211; Brandkind","isPartOf":{"@id":"https:\/\/brandkind.fi\/#website"},"primaryImageOfPage":{"@id":"https:\/\/brandkind.fi\/fi\/blogit\/brandkind-ehdolla-vuoden-toimistoksi-2022\/#primaryimage"},"image":{"@id":"https:\/\/brandkind.fi\/fi\/blogit\/brandkind-ehdolla-vuoden-toimistoksi-2022\/#primaryimage"},"thumbnailUrl":"https:\/\/brandkind.fi\/wp-content\/uploads\/2024\/01\/BK_Blog_Text_Brandkind_Headline-12.png","datePublished":"2022-01-18T11:45:30+00:00","dateModified":"2025-01-28T08:55:44+00:00","description":"Brandkind on ehdolla Regin Vuoden toimisto 2022 -palkinnon saajaksi. Nimitysehdotus tulee asiakkailtamme, eli se on lis\u00e4todiste asiakaskeskeisen toimintatapamme toimivuudesta.","breadcrumb":{"@id":"https:\/\/brandkind.fi\/fi\/blogit\/brandkind-ehdolla-vuoden-toimistoksi-2022\/#breadcrumb"},"inLanguage":"fi","potentialAction":[{"@type":"ReadAction","target":["https:\/\/brandkind.fi\/fi\/blogit\/brandkind-ehdolla-vuoden-toimistoksi-2022\/"]}]},{"@type":"ImageObject","inLanguage":"fi","@id":"https:\/\/brandkind.fi\/fi\/blogit\/brandkind-ehdolla-vuoden-toimistoksi-2022\/#primaryimage","url":"https:\/\/brandkind.fi\/wp-content\/uploads\/2024\/01\/BK_Blog_Text_Brandkind_Headline-12.png","contentUrl":"https:\/\/brandkind.fi\/wp-content\/uploads\/2024\/01\/BK_Blog_Text_Brandkind_Headline-12.png","width":1920,"height":1080},{"@type":"BreadcrumbList","@id":"https:\/\/brandkind.fi\/fi\/blogit\/brandkind-ehdolla-vuoden-toimistoksi-2022\/#breadcrumb","itemListElement":[{"@type":"ListItem","position":1,"name":"Home","item":"https:\/\/brandkind.fi\/fi\/"},{"@type":"ListItem","position":2,"name":"Brandkind ehdolla vuoden toimistoksi 2022"}]},{"@type":"WebSite","@id":"https:\/\/brandkind.fi\/#website","url":"https:\/\/brandkind.fi\/","name":"Brandkind","description":"","publisher":{"@id":"https:\/\/brandkind.fi\/#organization"},"potentialAction":[{"@type":"SearchAction","target":{"@type":"EntryPoint","urlTemplate":"https:\/\/brandkind.fi\/?s={search_term_string}"},"query-input":{"@type":"PropertyValueSpecification","valueRequired":true,"valueName":"search_term_string"}}],"inLanguage":"fi"},{"@type":"Organization","@id":"https:\/\/brandkind.fi\/#organization","name":"Brandkind","alternateName":"Brandkind","url":"https:\/\/brandkind.fi\/","logo":{"@type":"ImageObject","inLanguage":"fi","@id":"https:\/\/brandkind.fi\/#\/schema\/logo\/image\/","url":"https:\/\/brandkind.fi\/wp-content\/uploads\/2023\/11\/Brandkind-logo-1.png","contentUrl":"https:\/\/brandkind.fi\/wp-content\/uploads\/2023\/11\/Brandkind-logo-1.png","width":1680,"height":251,"caption":"Brandkind"},"image":{"@id":"https:\/\/brandkind.fi\/#\/schema\/logo\/image\/"},"sameAs":["https:\/\/www.facebook.com\/brandkind\/","https:\/\/linkedin.com\/company\/brandkind"]},{"@type":"Person","@id":"https:\/\/brandkind.fi\/#\/schema\/person\/d5e7e3d0a737509cfe5ddac86a8bbbca","name":"BK-yllapito","image":{"@type":"ImageObject","inLanguage":"fi","@id":"https:\/\/secure.gravatar.com\/avatar\/1f057a9f3f4223dda5af82432c4665f4d7f9d2e8fdebbf0810ba332213d434bf?s=96&d=mm&r=g","url":"https:\/\/secure.gravatar.com\/avatar\/1f057a9f3f4223dda5af82432c4665f4d7f9d2e8fdebbf0810ba332213d434bf?s=96&d=mm&r=g","contentUrl":"https:\/\/secure.gravatar.com\/avatar\/1f057a9f3f4223dda5af82432c4665f4d7f9d2e8fdebbf0810ba332213d434bf?s=96&d=mm&r=g","caption":"BK-yllapito"},"sameAs":["https:\/\/brandkind.fi"]}]}},"_links":{"self":[{"href":"https:\/\/brandkind.fi\/fi\/wp-json\/wp\/v2\/posts\/5418","targetHints":{"allow":["GET"]}}],"collection":[{"href":"https:\/\/brandkind.fi\/fi\/wp-json\/wp\/v2\/posts"}],"about":[{"href":"https:\/\/brandkind.fi\/fi\/wp-json\/wp\/v2\/types\/post"}],"author":[{"embeddable":true,"href":"https:\/\/brandkind.fi\/fi\/wp-json\/wp\/v2\/users\/1"}],"replies":[{"embeddable":true,"href":"https:\/\/brandkind.fi\/fi\/wp-json\/wp\/v2\/comments?post=5418"}],"version-history":[{"count":2,"href":"https:\/\/brandkind.fi\/fi\/wp-json\/wp\/v2\/posts\/5418\/revisions"}],"predecessor-version":[{"id":5420,"href":"https:\/\/brandkind.fi\/fi\/wp-json\/wp\/v2\/posts\/5418\/revisions\/5420"}],"wp:featuredmedia":[{"embeddable":true,"href":"https:\/\/brandkind.fi\/fi\/wp-json\/wp\/v2\/media\/4132"}],"wp:attachment":[{"href":"https:\/\/brandkind.fi\/fi\/wp-json\/wp\/v2\/media?parent=5418"}],"wp:term":[{"taxonomy":"category","embeddable":true,"href":"https:\/\/brandkind.fi\/fi\/wp-json\/wp\/v2\/categories?post=5418"},{"taxonomy":"post_tag","embeddable":true,"href":"https:\/\/brandkind.fi\/fi\/wp-json\/wp\/v2\/tags?post=5418"}],"curies":[{"name":"wp","href":"https:\/\/api.w.org\/{rel}","templated":true}]}}