{"id":5146,"date":"2023-06-16T12:45:03","date_gmt":"2023-06-16T12:45:03","guid":{"rendered":"https:\/\/brandkind.fi\/uncategorized-fi\/niina-pippuri-nimitetty-brandkindin-varatoimitusjohtajaksi\/"},"modified":"2025-01-28T09:09:31","modified_gmt":"2025-01-28T09:09:31","slug":"niina-pippuri-nimitetty-brandkindin-varatoimitusjohtajaksi","status":"publish","type":"post","link":"https:\/\/brandkind.fi\/fi\/uutiset\/niina-pippuri-nimitetty-brandkindin-varatoimitusjohtajaksi\/","title":{"rendered":"Niina Pippuri nimitetty Brandkindin varatoimitusjohtajaksi"},"content":{"rendered":"\n<p><\/p>\n\n<p>Pippuri vahvistaa yhti\u00f6n johtoryhm\u00e4\u00e4 ja tuo mukanaan arvokasta asiantuntemusta, energiaa ja strategista osaamista.<\/p>\n\n<p>\u201dOlen innoissani t\u00e4st\u00e4 mahdollisuudesta kehitt\u00e4\u00e4 Brandkindia entist\u00e4kin paremmaksi, niin yrityksen\u00e4 kuin asiakkaidemmekin n\u00e4k\u00f6kulmasta. Meill\u00e4 on takana hyv\u00e4 kev\u00e4t ja olemme onnistuneet parantamaan kannattavuuttammekin haastavassa markkinatilanteessa. N\u00e4en, ett\u00e4 meill\u00e4 on edess\u00e4mme upeita mahdollisuuksia\u201d, Pippuri kertoo.<\/p>\n\n<p>Brandkindin toimitusjohtaja Marja Peltola uskoo, ett\u00e4 nimitys tuo mukanaan uutta n\u00e4kemyst\u00e4, tuoreutta ja kokemusta yrityksen johtoon.<\/p>\n\n<p>\u201dBrandkindin organisaatiosta l\u00f6ytyy paljon osaamista, jolla pystymme kehitt\u00e4m\u00e4\u00e4n kilpailukyky\u00e4mme entisest\u00e4\u00e4n jakamalla vastuuta ja valtaa laajemmalle. Niina Pippurin nimitys on osa isompaa muutosta ja minua ilahduttaa jo nyt se merkitt\u00e4v\u00e4 apu, jota saamme h\u00e4nelt\u00e4 kehitykseen ja yrityksen johtamiseen\u201d, Peltola sanoo.<\/p>\n\n<p>Varatoimitusjohtajan rooli on merkitt\u00e4v\u00e4 Brandkindin tulevaisuuden kehityksen ja kasvun kannalta. Pippuri vastaa liiketoiminnan kehitt\u00e4misest\u00e4 ja operatiivisten toimintojen johtamisesta yhdess\u00e4 toimitusjohtajan ja johtoryhm\u00e4n kanssa. H\u00e4nen toimenkuvaansa kuuluu my\u00f6s asiakassuhteiden hallinta sek\u00e4 uusia kehitysprojekteja. \u201dAsiakaskohtaamiset ovat paras ja t\u00e4rkein osa ty\u00f6t\u00e4ni my\u00f6s jatkossa\u201d, Pippuri painottaa.<\/p>\n\n<p>Kuva: Maria Kalmi<\/p>\n","protected":false},"excerpt":{"rendered":"<p>Pippuri vahvistaa yhti\u00f6n johtoryhm\u00e4\u00e4 ja tuo mukanaan arvokasta asiantuntemusta, energiaa ja strategista osaamista. \u201dOlen innoissani t\u00e4st\u00e4 mahdollisuudesta kehitt\u00e4\u00e4 Brandkindia entist\u00e4kin paremmaksi, niin yrityksen\u00e4 kuin asiakkaidemmekin n\u00e4k\u00f6kulmasta. Meill\u00e4 on takana hyv\u00e4 kev\u00e4t ja olemme onnistuneet parantamaan kannattavuuttammekin haastavassa markkinatilanteessa. N\u00e4en, ett\u00e4 meill\u00e4 on edess\u00e4mme upeita mahdollisuuksia\u201d, Pippuri kertoo. Brandkindin toimitusjohtaja Marja Peltola uskoo, ett\u00e4 nimitys tuo [&#8230;]<\/p>\n<p><a class=\"btn btn-secondary understrap-read-more-link\" href=\"https:\/\/brandkind.fi\/fi\/uutiset\/niina-pippuri-nimitetty-brandkindin-varatoimitusjohtajaksi\/\">Lue lis\u00e4\u00e4&#8230;<span class=\"screen-reader-text\"> from Niina Pippuri nimitetty Brandkindin varatoimitusjohtajaksi<\/span><\/a><\/p>\n","protected":false},"author":1,"featured_media":4753,"comment_status":"closed","ping_status":"closed","sticky":false,"template":"","format":"standard","meta":{"_improvement_type_select":"improve_an_existing","_thumb_yes_seoaic":false,"_frame_yes_seoaic":false,"seoaic_generate_description":"","seoaic_improve_instructions_prompt":"","seoaic_rollback_content_improvement":"","seoaic_idea_thumbnail_generator":"","thumbnail_generated":false,"thumbnail_generate_prompt":"","seoaic_article_description":"","_monsterinsights_skip_tracking":false,"_monsterinsights_sitenote_active":false,"_monsterinsights_sitenote_note":"","_monsterinsights_sitenote_category":0,"seoaic_article_subtitles":[],"footnotes":""},"categories":[47],"tags":[],"class_list":["post-5146","post","type-post","status-publish","format-standard","has-post-thumbnail","hentry","category-uutiset"],"acf":[],"yoast_head":"<!-- This site is optimized with the Yoast SEO plugin v27.5 - https:\/\/yoast.com\/product\/yoast-seo-wordpress\/ -->\n<title>Niina Pippuri nimitetty Brandkindin varatoimitusjohtajaksi &#8211; Brandkind<\/title>\n<meta name=\"description\" content=\"Asiakkuusjohtaja Niina Pippuri on nimetty Brandkindin varatoimitusjohtajaksi 1.5.2023 alkaen.\" \/>\n<meta name=\"robots\" content=\"index, follow, max-snippet:-1, max-image-preview:large, max-video-preview:-1\" \/>\n<link rel=\"canonical\" href=\"https:\/\/brandkind.fi\/fi\/uutiset\/niina-pippuri-nimitetty-brandkindin-varatoimitusjohtajaksi\/\" \/>\n<meta property=\"og:locale\" content=\"fi_FI\" \/>\n<meta property=\"og:type\" content=\"article\" \/>\n<meta property=\"og:title\" content=\"Niina Pippuri nimitetty Brandkindin varatoimitusjohtajaksi &#8211; Brandkind\" \/>\n<meta property=\"og:description\" content=\"Asiakkuusjohtaja Niina Pippuri on nimetty Brandkindin varatoimitusjohtajaksi 1.5.2023 alkaen.\" \/>\n<meta property=\"og:url\" content=\"https:\/\/brandkind.fi\/fi\/uutiset\/niina-pippuri-nimitetty-brandkindin-varatoimitusjohtajaksi\/\" \/>\n<meta property=\"og:site_name\" content=\"Brandkind\" \/>\n<meta property=\"article:publisher\" content=\"https:\/\/www.facebook.com\/brandkind\/\" \/>\n<meta property=\"article:published_time\" content=\"2023-06-16T12:45:03+00:00\" \/>\n<meta property=\"article:modified_time\" content=\"2025-01-28T09:09:31+00:00\" \/>\n<meta property=\"og:image\" content=\"https:\/\/brandkind.fi\/wp-content\/uploads\/2023\/06\/BK_Blog_People_Brandkind-Nimitys-Niina.jpg\" \/>\n\t<meta property=\"og:image:width\" content=\"1920\" \/>\n\t<meta property=\"og:image:height\" content=\"1080\" \/>\n\t<meta property=\"og:image:type\" content=\"image\/jpeg\" \/>\n<meta name=\"author\" content=\"BK-yllapito\" \/>\n<meta name=\"twitter:card\" content=\"summary_large_image\" \/>\n<meta name=\"twitter:label1\" content=\"Kirjoittanut\" \/>\n\t<meta name=\"twitter:data1\" content=\"BK-yllapito\" \/>\n\t<meta name=\"twitter:label2\" content=\"Arvioitu lukuaika\" \/>\n\t<meta name=\"twitter:data2\" content=\"1 minuutti\" \/>\n<script type=\"application\/ld+json\" class=\"yoast-schema-graph\">{\"@context\":\"https:\\\/\\\/schema.org\",\"@graph\":[{\"@type\":\"Article\",\"@id\":\"https:\\\/\\\/brandkind.fi\\\/fi\\\/uutiset\\\/niina-pippuri-nimitetty-brandkindin-varatoimitusjohtajaksi\\\/#article\",\"isPartOf\":{\"@id\":\"https:\\\/\\\/brandkind.fi\\\/fi\\\/uutiset\\\/niina-pippuri-nimitetty-brandkindin-varatoimitusjohtajaksi\\\/\"},\"author\":{\"name\":\"BK-yllapito\",\"@id\":\"https:\\\/\\\/brandkind.fi\\\/#\\\/schema\\\/person\\\/d5e7e3d0a737509cfe5ddac86a8bbbca\"},\"headline\":\"Niina Pippuri nimitetty Brandkindin varatoimitusjohtajaksi\",\"datePublished\":\"2023-06-16T12:45:03+00:00\",\"dateModified\":\"2025-01-28T09:09:31+00:00\",\"mainEntityOfPage\":{\"@id\":\"https:\\\/\\\/brandkind.fi\\\/fi\\\/uutiset\\\/niina-pippuri-nimitetty-brandkindin-varatoimitusjohtajaksi\\\/\"},\"wordCount\":178,\"publisher\":{\"@id\":\"https:\\\/\\\/brandkind.fi\\\/#organization\"},\"image\":{\"@id\":\"https:\\\/\\\/brandkind.fi\\\/fi\\\/uutiset\\\/niina-pippuri-nimitetty-brandkindin-varatoimitusjohtajaksi\\\/#primaryimage\"},\"thumbnailUrl\":\"https:\\\/\\\/brandkind.fi\\\/wp-content\\\/uploads\\\/2023\\\/06\\\/BK_Blog_People_Brandkind-Nimitys-Niina.jpg\",\"articleSection\":[\"Uutiset\"],\"inLanguage\":\"fi\"},{\"@type\":\"WebPage\",\"@id\":\"https:\\\/\\\/brandkind.fi\\\/fi\\\/uutiset\\\/niina-pippuri-nimitetty-brandkindin-varatoimitusjohtajaksi\\\/\",\"url\":\"https:\\\/\\\/brandkind.fi\\\/fi\\\/uutiset\\\/niina-pippuri-nimitetty-brandkindin-varatoimitusjohtajaksi\\\/\",\"name\":\"Niina Pippuri nimitetty Brandkindin varatoimitusjohtajaksi &#8211; Brandkind\",\"isPartOf\":{\"@id\":\"https:\\\/\\\/brandkind.fi\\\/#website\"},\"primaryImageOfPage\":{\"@id\":\"https:\\\/\\\/brandkind.fi\\\/fi\\\/uutiset\\\/niina-pippuri-nimitetty-brandkindin-varatoimitusjohtajaksi\\\/#primaryimage\"},\"image\":{\"@id\":\"https:\\\/\\\/brandkind.fi\\\/fi\\\/uutiset\\\/niina-pippuri-nimitetty-brandkindin-varatoimitusjohtajaksi\\\/#primaryimage\"},\"thumbnailUrl\":\"https:\\\/\\\/brandkind.fi\\\/wp-content\\\/uploads\\\/2023\\\/06\\\/BK_Blog_People_Brandkind-Nimitys-Niina.jpg\",\"datePublished\":\"2023-06-16T12:45:03+00:00\",\"dateModified\":\"2025-01-28T09:09:31+00:00\",\"description\":\"Asiakkuusjohtaja Niina Pippuri on nimetty Brandkindin varatoimitusjohtajaksi 1.5.2023 alkaen.\",\"breadcrumb\":{\"@id\":\"https:\\\/\\\/brandkind.fi\\\/fi\\\/uutiset\\\/niina-pippuri-nimitetty-brandkindin-varatoimitusjohtajaksi\\\/#breadcrumb\"},\"inLanguage\":\"fi\",\"potentialAction\":[{\"@type\":\"ReadAction\",\"target\":[\"https:\\\/\\\/brandkind.fi\\\/fi\\\/uutiset\\\/niina-pippuri-nimitetty-brandkindin-varatoimitusjohtajaksi\\\/\"]}]},{\"@type\":\"ImageObject\",\"inLanguage\":\"fi\",\"@id\":\"https:\\\/\\\/brandkind.fi\\\/fi\\\/uutiset\\\/niina-pippuri-nimitetty-brandkindin-varatoimitusjohtajaksi\\\/#primaryimage\",\"url\":\"https:\\\/\\\/brandkind.fi\\\/wp-content\\\/uploads\\\/2023\\\/06\\\/BK_Blog_People_Brandkind-Nimitys-Niina.jpg\",\"contentUrl\":\"https:\\\/\\\/brandkind.fi\\\/wp-content\\\/uploads\\\/2023\\\/06\\\/BK_Blog_People_Brandkind-Nimitys-Niina.jpg\",\"width\":1920,\"height\":1080},{\"@type\":\"BreadcrumbList\",\"@id\":\"https:\\\/\\\/brandkind.fi\\\/fi\\\/uutiset\\\/niina-pippuri-nimitetty-brandkindin-varatoimitusjohtajaksi\\\/#breadcrumb\",\"itemListElement\":[{\"@type\":\"ListItem\",\"position\":1,\"name\":\"Home\",\"item\":\"https:\\\/\\\/brandkind.fi\\\/fi\\\/\"},{\"@type\":\"ListItem\",\"position\":2,\"name\":\"Niina Pippuri nimitetty Brandkindin varatoimitusjohtajaksi\"}]},{\"@type\":\"WebSite\",\"@id\":\"https:\\\/\\\/brandkind.fi\\\/#website\",\"url\":\"https:\\\/\\\/brandkind.fi\\\/\",\"name\":\"Brandkind\",\"description\":\"\",\"publisher\":{\"@id\":\"https:\\\/\\\/brandkind.fi\\\/#organization\"},\"potentialAction\":[{\"@type\":\"SearchAction\",\"target\":{\"@type\":\"EntryPoint\",\"urlTemplate\":\"https:\\\/\\\/brandkind.fi\\\/?s={search_term_string}\"},\"query-input\":{\"@type\":\"PropertyValueSpecification\",\"valueRequired\":true,\"valueName\":\"search_term_string\"}}],\"inLanguage\":\"fi\"},{\"@type\":\"Organization\",\"@id\":\"https:\\\/\\\/brandkind.fi\\\/#organization\",\"name\":\"Brandkind\",\"alternateName\":\"Brandkind\",\"url\":\"https:\\\/\\\/brandkind.fi\\\/\",\"logo\":{\"@type\":\"ImageObject\",\"inLanguage\":\"fi\",\"@id\":\"https:\\\/\\\/brandkind.fi\\\/#\\\/schema\\\/logo\\\/image\\\/\",\"url\":\"https:\\\/\\\/brandkind.fi\\\/wp-content\\\/uploads\\\/2023\\\/11\\\/Brandkind-logo-1.png\",\"contentUrl\":\"https:\\\/\\\/brandkind.fi\\\/wp-content\\\/uploads\\\/2023\\\/11\\\/Brandkind-logo-1.png\",\"width\":1680,\"height\":251,\"caption\":\"Brandkind\"},\"image\":{\"@id\":\"https:\\\/\\\/brandkind.fi\\\/#\\\/schema\\\/logo\\\/image\\\/\"},\"sameAs\":[\"https:\\\/\\\/www.facebook.com\\\/brandkind\\\/\",\"https:\\\/\\\/linkedin.com\\\/company\\\/brandkind\"]},{\"@type\":\"Person\",\"@id\":\"https:\\\/\\\/brandkind.fi\\\/#\\\/schema\\\/person\\\/d5e7e3d0a737509cfe5ddac86a8bbbca\",\"name\":\"BK-yllapito\",\"image\":{\"@type\":\"ImageObject\",\"inLanguage\":\"fi\",\"@id\":\"https:\\\/\\\/secure.gravatar.com\\\/avatar\\\/1f057a9f3f4223dda5af82432c4665f4d7f9d2e8fdebbf0810ba332213d434bf?s=96&d=mm&r=g\",\"url\":\"https:\\\/\\\/secure.gravatar.com\\\/avatar\\\/1f057a9f3f4223dda5af82432c4665f4d7f9d2e8fdebbf0810ba332213d434bf?s=96&d=mm&r=g\",\"contentUrl\":\"https:\\\/\\\/secure.gravatar.com\\\/avatar\\\/1f057a9f3f4223dda5af82432c4665f4d7f9d2e8fdebbf0810ba332213d434bf?s=96&d=mm&r=g\",\"caption\":\"BK-yllapito\"},\"sameAs\":[\"https:\\\/\\\/brandkind.fi\"]}]}<\/script>\n<!-- \/ Yoast SEO plugin. -->","yoast_head_json":{"title":"Niina Pippuri nimitetty Brandkindin varatoimitusjohtajaksi &#8211; Brandkind","description":"Asiakkuusjohtaja Niina Pippuri on nimetty Brandkindin varatoimitusjohtajaksi 1.5.2023 alkaen.","robots":{"index":"index","follow":"follow","max-snippet":"max-snippet:-1","max-image-preview":"max-image-preview:large","max-video-preview":"max-video-preview:-1"},"canonical":"https:\/\/brandkind.fi\/fi\/uutiset\/niina-pippuri-nimitetty-brandkindin-varatoimitusjohtajaksi\/","og_locale":"fi_FI","og_type":"article","og_title":"Niina Pippuri nimitetty Brandkindin varatoimitusjohtajaksi &#8211; Brandkind","og_description":"Asiakkuusjohtaja Niina Pippuri on nimetty Brandkindin varatoimitusjohtajaksi 1.5.2023 alkaen.","og_url":"https:\/\/brandkind.fi\/fi\/uutiset\/niina-pippuri-nimitetty-brandkindin-varatoimitusjohtajaksi\/","og_site_name":"Brandkind","article_publisher":"https:\/\/www.facebook.com\/brandkind\/","article_published_time":"2023-06-16T12:45:03+00:00","article_modified_time":"2025-01-28T09:09:31+00:00","og_image":[{"width":1920,"height":1080,"url":"https:\/\/brandkind.fi\/wp-content\/uploads\/2023\/06\/BK_Blog_People_Brandkind-Nimitys-Niina.jpg","type":"image\/jpeg"}],"author":"BK-yllapito","twitter_card":"summary_large_image","twitter_misc":{"Kirjoittanut":"BK-yllapito","Arvioitu lukuaika":"1 minuutti"},"schema":{"@context":"https:\/\/schema.org","@graph":[{"@type":"Article","@id":"https:\/\/brandkind.fi\/fi\/uutiset\/niina-pippuri-nimitetty-brandkindin-varatoimitusjohtajaksi\/#article","isPartOf":{"@id":"https:\/\/brandkind.fi\/fi\/uutiset\/niina-pippuri-nimitetty-brandkindin-varatoimitusjohtajaksi\/"},"author":{"name":"BK-yllapito","@id":"https:\/\/brandkind.fi\/#\/schema\/person\/d5e7e3d0a737509cfe5ddac86a8bbbca"},"headline":"Niina Pippuri nimitetty Brandkindin varatoimitusjohtajaksi","datePublished":"2023-06-16T12:45:03+00:00","dateModified":"2025-01-28T09:09:31+00:00","mainEntityOfPage":{"@id":"https:\/\/brandkind.fi\/fi\/uutiset\/niina-pippuri-nimitetty-brandkindin-varatoimitusjohtajaksi\/"},"wordCount":178,"publisher":{"@id":"https:\/\/brandkind.fi\/#organization"},"image":{"@id":"https:\/\/brandkind.fi\/fi\/uutiset\/niina-pippuri-nimitetty-brandkindin-varatoimitusjohtajaksi\/#primaryimage"},"thumbnailUrl":"https:\/\/brandkind.fi\/wp-content\/uploads\/2023\/06\/BK_Blog_People_Brandkind-Nimitys-Niina.jpg","articleSection":["Uutiset"],"inLanguage":"fi"},{"@type":"WebPage","@id":"https:\/\/brandkind.fi\/fi\/uutiset\/niina-pippuri-nimitetty-brandkindin-varatoimitusjohtajaksi\/","url":"https:\/\/brandkind.fi\/fi\/uutiset\/niina-pippuri-nimitetty-brandkindin-varatoimitusjohtajaksi\/","name":"Niina Pippuri nimitetty Brandkindin varatoimitusjohtajaksi &#8211; Brandkind","isPartOf":{"@id":"https:\/\/brandkind.fi\/#website"},"primaryImageOfPage":{"@id":"https:\/\/brandkind.fi\/fi\/uutiset\/niina-pippuri-nimitetty-brandkindin-varatoimitusjohtajaksi\/#primaryimage"},"image":{"@id":"https:\/\/brandkind.fi\/fi\/uutiset\/niina-pippuri-nimitetty-brandkindin-varatoimitusjohtajaksi\/#primaryimage"},"thumbnailUrl":"https:\/\/brandkind.fi\/wp-content\/uploads\/2023\/06\/BK_Blog_People_Brandkind-Nimitys-Niina.jpg","datePublished":"2023-06-16T12:45:03+00:00","dateModified":"2025-01-28T09:09:31+00:00","description":"Asiakkuusjohtaja Niina Pippuri on nimetty Brandkindin varatoimitusjohtajaksi 1.5.2023 alkaen.","breadcrumb":{"@id":"https:\/\/brandkind.fi\/fi\/uutiset\/niina-pippuri-nimitetty-brandkindin-varatoimitusjohtajaksi\/#breadcrumb"},"inLanguage":"fi","potentialAction":[{"@type":"ReadAction","target":["https:\/\/brandkind.fi\/fi\/uutiset\/niina-pippuri-nimitetty-brandkindin-varatoimitusjohtajaksi\/"]}]},{"@type":"ImageObject","inLanguage":"fi","@id":"https:\/\/brandkind.fi\/fi\/uutiset\/niina-pippuri-nimitetty-brandkindin-varatoimitusjohtajaksi\/#primaryimage","url":"https:\/\/brandkind.fi\/wp-content\/uploads\/2023\/06\/BK_Blog_People_Brandkind-Nimitys-Niina.jpg","contentUrl":"https:\/\/brandkind.fi\/wp-content\/uploads\/2023\/06\/BK_Blog_People_Brandkind-Nimitys-Niina.jpg","width":1920,"height":1080},{"@type":"BreadcrumbList","@id":"https:\/\/brandkind.fi\/fi\/uutiset\/niina-pippuri-nimitetty-brandkindin-varatoimitusjohtajaksi\/#breadcrumb","itemListElement":[{"@type":"ListItem","position":1,"name":"Home","item":"https:\/\/brandkind.fi\/fi\/"},{"@type":"ListItem","position":2,"name":"Niina Pippuri nimitetty Brandkindin varatoimitusjohtajaksi"}]},{"@type":"WebSite","@id":"https:\/\/brandkind.fi\/#website","url":"https:\/\/brandkind.fi\/","name":"Brandkind","description":"","publisher":{"@id":"https:\/\/brandkind.fi\/#organization"},"potentialAction":[{"@type":"SearchAction","target":{"@type":"EntryPoint","urlTemplate":"https:\/\/brandkind.fi\/?s={search_term_string}"},"query-input":{"@type":"PropertyValueSpecification","valueRequired":true,"valueName":"search_term_string"}}],"inLanguage":"fi"},{"@type":"Organization","@id":"https:\/\/brandkind.fi\/#organization","name":"Brandkind","alternateName":"Brandkind","url":"https:\/\/brandkind.fi\/","logo":{"@type":"ImageObject","inLanguage":"fi","@id":"https:\/\/brandkind.fi\/#\/schema\/logo\/image\/","url":"https:\/\/brandkind.fi\/wp-content\/uploads\/2023\/11\/Brandkind-logo-1.png","contentUrl":"https:\/\/brandkind.fi\/wp-content\/uploads\/2023\/11\/Brandkind-logo-1.png","width":1680,"height":251,"caption":"Brandkind"},"image":{"@id":"https:\/\/brandkind.fi\/#\/schema\/logo\/image\/"},"sameAs":["https:\/\/www.facebook.com\/brandkind\/","https:\/\/linkedin.com\/company\/brandkind"]},{"@type":"Person","@id":"https:\/\/brandkind.fi\/#\/schema\/person\/d5e7e3d0a737509cfe5ddac86a8bbbca","name":"BK-yllapito","image":{"@type":"ImageObject","inLanguage":"fi","@id":"https:\/\/secure.gravatar.com\/avatar\/1f057a9f3f4223dda5af82432c4665f4d7f9d2e8fdebbf0810ba332213d434bf?s=96&d=mm&r=g","url":"https:\/\/secure.gravatar.com\/avatar\/1f057a9f3f4223dda5af82432c4665f4d7f9d2e8fdebbf0810ba332213d434bf?s=96&d=mm&r=g","contentUrl":"https:\/\/secure.gravatar.com\/avatar\/1f057a9f3f4223dda5af82432c4665f4d7f9d2e8fdebbf0810ba332213d434bf?s=96&d=mm&r=g","caption":"BK-yllapito"},"sameAs":["https:\/\/brandkind.fi"]}]}},"_links":{"self":[{"href":"https:\/\/brandkind.fi\/fi\/wp-json\/wp\/v2\/posts\/5146","targetHints":{"allow":["GET"]}}],"collection":[{"href":"https:\/\/brandkind.fi\/fi\/wp-json\/wp\/v2\/posts"}],"about":[{"href":"https:\/\/brandkind.fi\/fi\/wp-json\/wp\/v2\/types\/post"}],"author":[{"embeddable":true,"href":"https:\/\/brandkind.fi\/fi\/wp-json\/wp\/v2\/users\/1"}],"replies":[{"embeddable":true,"href":"https:\/\/brandkind.fi\/fi\/wp-json\/wp\/v2\/comments?post=5146"}],"version-history":[{"count":2,"href":"https:\/\/brandkind.fi\/fi\/wp-json\/wp\/v2\/posts\/5146\/revisions"}],"predecessor-version":[{"id":5383,"href":"https:\/\/brandkind.fi\/fi\/wp-json\/wp\/v2\/posts\/5146\/revisions\/5383"}],"wp:featuredmedia":[{"embeddable":true,"href":"https:\/\/brandkind.fi\/fi\/wp-json\/wp\/v2\/media\/4753"}],"wp:attachment":[{"href":"https:\/\/brandkind.fi\/fi\/wp-json\/wp\/v2\/media?parent=5146"}],"wp:term":[{"taxonomy":"category","embeddable":true,"href":"https:\/\/brandkind.fi\/fi\/wp-json\/wp\/v2\/categories?post=5146"},{"taxonomy":"post_tag","embeddable":true,"href":"https:\/\/brandkind.fi\/fi\/wp-json\/wp\/v2\/tags?post=5146"}],"curies":[{"name":"wp","href":"https:\/\/api.w.org\/{rel}","templated":true}]}}