{"id":5137,"date":"2024-04-02T12:14:08","date_gmt":"2024-04-02T12:14:08","guid":{"rendered":"https:\/\/brandkind.fi\/uncategorized-fi\/maiju-kettunen-liittyy-brandkindin-luovaan-tiimiin\/"},"modified":"2024-10-04T13:35:31","modified_gmt":"2024-10-04T13:35:31","slug":"maiju-kettunen-liittyy-brandkindin-luovaan-tiimiin","status":"publish","type":"post","link":"https:\/\/brandkind.fi\/fi\/uutiset\/maiju-kettunen-liittyy-brandkindin-luovaan-tiimiin\/","title":{"rendered":"Maiju Kettunen liittyy Brandkindin luovaan tiimiin"},"content":{"rendered":"\n<p>Maiju Kettunen on valmistunut taiteen maisteriksi Lapin yliopistosta ja h\u00e4nell\u00e4 on aiempaa ty\u00f6kokemusta muun maussa toimittajana sek\u00e4 videoviestinn\u00e4n asiantuntijana. Kettunen on \u00e4skett\u00e4in valmistunut digitaalisen markkinoinnin koulutuksesta, ja h\u00e4n teki harjoittelunsa Brandkindilla. H\u00e4net palkattiin vakituiseen ty\u00f6suhteeseen huhtikuun alusta alkaen.<\/p>\n\n<p><span class=\"TextRun SCXW185170030 BCX0\" lang=\"FI-FI\" xml:lang=\"FI-FI\" data-contrast=\"none\"><span class=\"NormalTextRun SCXW185170030 BCX0\">\u201d<\/span><span class=\"NormalTextRun SCXW185170030 BCX0\">Maiju vahvistaa <\/span><span class=\"NormalTextRun SpellingErrorV2Themed SCXW185170030 BCX0\">Brandkindin<\/span> <span class=\"NormalTextRun SCXW185170030 BCX0\">digimarkkinointi<\/span><span class=\"NormalTextRun SCXW185170030 BCX0\">osaamista<\/span> <span class=\"NormalTextRun SCXW185170030 BCX0\">ja <\/span><\/span><span class=\"TextRun Highlight SCXW185170030 BCX0\" lang=\"FI-FI\" xml:lang=\"FI-FI\" data-contrast=\"none\"><span class=\"NormalTextRun SCXW185170030 BCX0\" data-ccp-charstyle=\"apple-converted-space\" data-ccp-charstyle-defn=\"{&quot;ObjectId&quot;:&quot;0621e9a1-c498-4700-9d77-02ccbf887b83|5&quot;,&quot;ClassId&quot;:1073872969,&quot;Properties&quot;:[201342446,&quot;1&quot;,201342447,&quot;5&quot;,201342448,&quot;1&quot;,201342449,&quot;1&quot;,469777841,&quot;Calibri&quot;,469777842,&quot;&quot;,469777843,&quot;Calibri&quot;,469777844,&quot;Calibri&quot;,201341986,&quot;1&quot;,469769226,&quot;Calibri&quot;,268442635,&quot;24&quot;,469775450,&quot;apple-converted-space&quot;,201340122,&quot;1&quot;,134233614,&quot;true&quot;,469778129,&quot;apple-converted-space&quot;,335572020,&quot;1&quot;,469778324,&quot;Default Paragraph Font&quot;]}\">\u202f<\/span><\/span><span class=\"TextRun Highlight SCXW185170030 BCX0\" lang=\"FI-FI\" xml:lang=\"FI-FI\" data-contrast=\"none\"><span class=\"NormalTextRun SCXW185170030 BCX0\">ja<\/span><span class=\"NormalTextRun SCXW185170030 BCX0\"> tuo uutta tuoretta virtaa ja energiaa jo valmiiksi upeaan porukkaamme<\/span><\/span><span class=\"TextRun Highlight SCXW185170030 BCX0\" lang=\"FI-FI\" xml:lang=\"FI-FI\" data-contrast=\"none\"><span class=\"NormalTextRun SCXW185170030 BCX0\">,<\/span><\/span><span class=\"TextRun SCXW185170030 BCX0\" lang=\"FI-FI\" xml:lang=\"FI-FI\" data-contrast=\"none\"><span class=\"NormalTextRun SCXW185170030 BCX0\">,<\/span><span class=\"NormalTextRun SCXW185170030 BCX0\">\u201d sanoo <\/span><span class=\"NormalTextRun SpellingErrorV2Themed SCXW185170030 BCX0\">Brandkindin<\/span><span class=\"NormalTextRun SCXW185170030 BCX0\"> toimitusjohtaja <strong>Marja Peltola<\/strong>.<\/span><\/span><\/p>\n\n<p>Brandkindilla Kettunen on p\u00e4\u00e4ssyt tekem\u00e4\u00e4n muun muassa tuotevideoita ja sosiaalisen median kampanjoita, ja ollut mukana ideoimassa konsepteja. \u201dOlen p\u00e4\u00e4ssyt kehittym\u00e4\u00e4n todella nopeasti, ja joka p\u00e4iv\u00e4 oppii jotain uutta,\u201d Kettunen sanoo.<\/p>\n","protected":false},"excerpt":{"rendered":"<p>Maiju Kettunen on valmistunut taiteen maisteriksi Lapin yliopistosta ja h\u00e4nell\u00e4 on aiempaa ty\u00f6kokemusta muun maussa toimittajana sek\u00e4 videoviestinn\u00e4n asiantuntijana. Kettunen on \u00e4skett\u00e4in valmistunut digitaalisen markkinoinnin koulutuksesta, ja h\u00e4n teki harjoittelunsa Brandkindilla. H\u00e4net palkattiin vakituiseen ty\u00f6suhteeseen huhtikuun alusta alkaen. \u201dMaiju vahvistaa Brandkindin digimarkkinointiosaamista ja \u202fja tuo uutta tuoretta virtaa ja energiaa jo valmiiksi upeaan porukkaamme,,\u201d sanoo [&#8230;]<\/p>\n<p><a class=\"btn btn-secondary understrap-read-more-link\" href=\"https:\/\/brandkind.fi\/fi\/uutiset\/maiju-kettunen-liittyy-brandkindin-luovaan-tiimiin\/\">Lue lis\u00e4\u00e4&#8230;<span class=\"screen-reader-text\"> from Maiju Kettunen liittyy Brandkindin luovaan tiimiin<\/span><\/a><\/p>\n","protected":false},"author":1,"featured_media":4745,"comment_status":"closed","ping_status":"open","sticky":false,"template":"","format":"standard","meta":{"_improvement_type_select":"improve_an_existing","_thumb_yes_seoaic":false,"_frame_yes_seoaic":false,"seoaic_generate_description":"","seoaic_improve_instructions_prompt":"","seoaic_rollback_content_improvement":"","seoaic_idea_thumbnail_generator":"","thumbnail_generated":false,"thumbnail_generate_prompt":"","seoaic_article_description":"","_monsterinsights_skip_tracking":false,"_monsterinsights_sitenote_active":false,"_monsterinsights_sitenote_note":"","_monsterinsights_sitenote_category":0,"seoaic_article_subtitles":[],"footnotes":""},"categories":[47],"tags":[],"class_list":["post-5137","post","type-post","status-publish","format-standard","has-post-thumbnail","hentry","category-uutiset"],"acf":[],"yoast_head":"<!-- This site is optimized with the Yoast SEO plugin v27.5 - https:\/\/yoast.com\/product\/yoast-seo-wordpress\/ -->\n<title>Maiju Kettunen liittyy Brandkindin luovaan tiimiin &#8211; Brandkind<\/title>\n<meta name=\"description\" content=\"Brandkind rekrytoi Maiju Kettusen Junior Creative -teht\u00e4v\u00e4\u00e4n vahvistamaan digitaalisen markkinoinnin tiimi\u00e4.\" \/>\n<meta name=\"robots\" content=\"index, follow, max-snippet:-1, max-image-preview:large, max-video-preview:-1\" \/>\n<link rel=\"canonical\" href=\"https:\/\/brandkind.fi\/fi\/uutiset\/maiju-kettunen-liittyy-brandkindin-luovaan-tiimiin\/\" \/>\n<meta property=\"og:locale\" content=\"fi_FI\" \/>\n<meta property=\"og:type\" content=\"article\" \/>\n<meta property=\"og:title\" content=\"Maiju Kettunen liittyy Brandkindin luovaan tiimiin &#8211; Brandkind\" \/>\n<meta property=\"og:description\" content=\"Brandkind rekrytoi Maiju Kettusen Junior Creative -teht\u00e4v\u00e4\u00e4n vahvistamaan digitaalisen markkinoinnin tiimi\u00e4.\" \/>\n<meta property=\"og:url\" content=\"https:\/\/brandkind.fi\/fi\/uutiset\/maiju-kettunen-liittyy-brandkindin-luovaan-tiimiin\/\" \/>\n<meta property=\"og:site_name\" content=\"Brandkind\" \/>\n<meta property=\"article:publisher\" content=\"https:\/\/www.facebook.com\/brandkind\/\" \/>\n<meta property=\"article:published_time\" content=\"2024-04-02T12:14:08+00:00\" \/>\n<meta property=\"article:modified_time\" content=\"2024-10-04T13:35:31+00:00\" \/>\n<meta property=\"og:image\" content=\"https:\/\/brandkind.fi\/wp-content\/uploads\/2024\/04\/BK_MaijuKettunen_NewPosition.jpg\" \/>\n\t<meta property=\"og:image:width\" content=\"1920\" \/>\n\t<meta property=\"og:image:height\" content=\"1080\" \/>\n\t<meta property=\"og:image:type\" content=\"image\/jpeg\" \/>\n<meta name=\"author\" content=\"BK-yllapito\" \/>\n<meta name=\"twitter:card\" content=\"summary_large_image\" \/>\n<meta name=\"twitter:label1\" content=\"Kirjoittanut\" \/>\n\t<meta name=\"twitter:data1\" content=\"BK-yllapito\" \/>\n\t<meta name=\"twitter:label2\" content=\"Arvioitu lukuaika\" \/>\n\t<meta name=\"twitter:data2\" content=\"1 minuutti\" \/>\n<script type=\"application\/ld+json\" class=\"yoast-schema-graph\">{\"@context\":\"https:\\\/\\\/schema.org\",\"@graph\":[{\"@type\":\"Article\",\"@id\":\"https:\\\/\\\/brandkind.fi\\\/fi\\\/uutiset\\\/maiju-kettunen-liittyy-brandkindin-luovaan-tiimiin\\\/#article\",\"isPartOf\":{\"@id\":\"https:\\\/\\\/brandkind.fi\\\/fi\\\/uutiset\\\/maiju-kettunen-liittyy-brandkindin-luovaan-tiimiin\\\/\"},\"author\":{\"name\":\"BK-yllapito\",\"@id\":\"https:\\\/\\\/brandkind.fi\\\/#\\\/schema\\\/person\\\/d5e7e3d0a737509cfe5ddac86a8bbbca\"},\"headline\":\"Maiju Kettunen liittyy Brandkindin luovaan tiimiin\",\"datePublished\":\"2024-04-02T12:14:08+00:00\",\"dateModified\":\"2024-10-04T13:35:31+00:00\",\"mainEntityOfPage\":{\"@id\":\"https:\\\/\\\/brandkind.fi\\\/fi\\\/uutiset\\\/maiju-kettunen-liittyy-brandkindin-luovaan-tiimiin\\\/\"},\"wordCount\":108,\"publisher\":{\"@id\":\"https:\\\/\\\/brandkind.fi\\\/#organization\"},\"image\":{\"@id\":\"https:\\\/\\\/brandkind.fi\\\/fi\\\/uutiset\\\/maiju-kettunen-liittyy-brandkindin-luovaan-tiimiin\\\/#primaryimage\"},\"thumbnailUrl\":\"https:\\\/\\\/brandkind.fi\\\/wp-content\\\/uploads\\\/2024\\\/04\\\/BK_MaijuKettunen_NewPosition.jpg\",\"articleSection\":[\"Uutiset\"],\"inLanguage\":\"fi\"},{\"@type\":\"WebPage\",\"@id\":\"https:\\\/\\\/brandkind.fi\\\/fi\\\/uutiset\\\/maiju-kettunen-liittyy-brandkindin-luovaan-tiimiin\\\/\",\"url\":\"https:\\\/\\\/brandkind.fi\\\/fi\\\/uutiset\\\/maiju-kettunen-liittyy-brandkindin-luovaan-tiimiin\\\/\",\"name\":\"Maiju Kettunen liittyy Brandkindin luovaan tiimiin &#8211; Brandkind\",\"isPartOf\":{\"@id\":\"https:\\\/\\\/brandkind.fi\\\/#website\"},\"primaryImageOfPage\":{\"@id\":\"https:\\\/\\\/brandkind.fi\\\/fi\\\/uutiset\\\/maiju-kettunen-liittyy-brandkindin-luovaan-tiimiin\\\/#primaryimage\"},\"image\":{\"@id\":\"https:\\\/\\\/brandkind.fi\\\/fi\\\/uutiset\\\/maiju-kettunen-liittyy-brandkindin-luovaan-tiimiin\\\/#primaryimage\"},\"thumbnailUrl\":\"https:\\\/\\\/brandkind.fi\\\/wp-content\\\/uploads\\\/2024\\\/04\\\/BK_MaijuKettunen_NewPosition.jpg\",\"datePublished\":\"2024-04-02T12:14:08+00:00\",\"dateModified\":\"2024-10-04T13:35:31+00:00\",\"description\":\"Brandkind rekrytoi Maiju Kettusen Junior Creative -teht\u00e4v\u00e4\u00e4n vahvistamaan digitaalisen markkinoinnin tiimi\u00e4.\",\"breadcrumb\":{\"@id\":\"https:\\\/\\\/brandkind.fi\\\/fi\\\/uutiset\\\/maiju-kettunen-liittyy-brandkindin-luovaan-tiimiin\\\/#breadcrumb\"},\"inLanguage\":\"fi\",\"potentialAction\":[{\"@type\":\"ReadAction\",\"target\":[\"https:\\\/\\\/brandkind.fi\\\/fi\\\/uutiset\\\/maiju-kettunen-liittyy-brandkindin-luovaan-tiimiin\\\/\"]}]},{\"@type\":\"ImageObject\",\"inLanguage\":\"fi\",\"@id\":\"https:\\\/\\\/brandkind.fi\\\/fi\\\/uutiset\\\/maiju-kettunen-liittyy-brandkindin-luovaan-tiimiin\\\/#primaryimage\",\"url\":\"https:\\\/\\\/brandkind.fi\\\/wp-content\\\/uploads\\\/2024\\\/04\\\/BK_MaijuKettunen_NewPosition.jpg\",\"contentUrl\":\"https:\\\/\\\/brandkind.fi\\\/wp-content\\\/uploads\\\/2024\\\/04\\\/BK_MaijuKettunen_NewPosition.jpg\",\"width\":1920,\"height\":1080},{\"@type\":\"BreadcrumbList\",\"@id\":\"https:\\\/\\\/brandkind.fi\\\/fi\\\/uutiset\\\/maiju-kettunen-liittyy-brandkindin-luovaan-tiimiin\\\/#breadcrumb\",\"itemListElement\":[{\"@type\":\"ListItem\",\"position\":1,\"name\":\"Home\",\"item\":\"https:\\\/\\\/brandkind.fi\\\/fi\\\/\"},{\"@type\":\"ListItem\",\"position\":2,\"name\":\"Maiju Kettunen liittyy Brandkindin luovaan tiimiin\"}]},{\"@type\":\"WebSite\",\"@id\":\"https:\\\/\\\/brandkind.fi\\\/#website\",\"url\":\"https:\\\/\\\/brandkind.fi\\\/\",\"name\":\"Brandkind\",\"description\":\"\",\"publisher\":{\"@id\":\"https:\\\/\\\/brandkind.fi\\\/#organization\"},\"potentialAction\":[{\"@type\":\"SearchAction\",\"target\":{\"@type\":\"EntryPoint\",\"urlTemplate\":\"https:\\\/\\\/brandkind.fi\\\/?s={search_term_string}\"},\"query-input\":{\"@type\":\"PropertyValueSpecification\",\"valueRequired\":true,\"valueName\":\"search_term_string\"}}],\"inLanguage\":\"fi\"},{\"@type\":\"Organization\",\"@id\":\"https:\\\/\\\/brandkind.fi\\\/#organization\",\"name\":\"Brandkind\",\"alternateName\":\"Brandkind\",\"url\":\"https:\\\/\\\/brandkind.fi\\\/\",\"logo\":{\"@type\":\"ImageObject\",\"inLanguage\":\"fi\",\"@id\":\"https:\\\/\\\/brandkind.fi\\\/#\\\/schema\\\/logo\\\/image\\\/\",\"url\":\"https:\\\/\\\/brandkind.fi\\\/wp-content\\\/uploads\\\/2023\\\/11\\\/Brandkind-logo-1.png\",\"contentUrl\":\"https:\\\/\\\/brandkind.fi\\\/wp-content\\\/uploads\\\/2023\\\/11\\\/Brandkind-logo-1.png\",\"width\":1680,\"height\":251,\"caption\":\"Brandkind\"},\"image\":{\"@id\":\"https:\\\/\\\/brandkind.fi\\\/#\\\/schema\\\/logo\\\/image\\\/\"},\"sameAs\":[\"https:\\\/\\\/www.facebook.com\\\/brandkind\\\/\",\"https:\\\/\\\/linkedin.com\\\/company\\\/brandkind\"]},{\"@type\":\"Person\",\"@id\":\"https:\\\/\\\/brandkind.fi\\\/#\\\/schema\\\/person\\\/d5e7e3d0a737509cfe5ddac86a8bbbca\",\"name\":\"BK-yllapito\",\"image\":{\"@type\":\"ImageObject\",\"inLanguage\":\"fi\",\"@id\":\"https:\\\/\\\/secure.gravatar.com\\\/avatar\\\/1f057a9f3f4223dda5af82432c4665f4d7f9d2e8fdebbf0810ba332213d434bf?s=96&d=mm&r=g\",\"url\":\"https:\\\/\\\/secure.gravatar.com\\\/avatar\\\/1f057a9f3f4223dda5af82432c4665f4d7f9d2e8fdebbf0810ba332213d434bf?s=96&d=mm&r=g\",\"contentUrl\":\"https:\\\/\\\/secure.gravatar.com\\\/avatar\\\/1f057a9f3f4223dda5af82432c4665f4d7f9d2e8fdebbf0810ba332213d434bf?s=96&d=mm&r=g\",\"caption\":\"BK-yllapito\"},\"sameAs\":[\"https:\\\/\\\/brandkind.fi\"]}]}<\/script>\n<!-- \/ Yoast SEO plugin. -->","yoast_head_json":{"title":"Maiju Kettunen liittyy Brandkindin luovaan tiimiin &#8211; Brandkind","description":"Brandkind rekrytoi Maiju Kettusen Junior Creative -teht\u00e4v\u00e4\u00e4n vahvistamaan digitaalisen markkinoinnin tiimi\u00e4.","robots":{"index":"index","follow":"follow","max-snippet":"max-snippet:-1","max-image-preview":"max-image-preview:large","max-video-preview":"max-video-preview:-1"},"canonical":"https:\/\/brandkind.fi\/fi\/uutiset\/maiju-kettunen-liittyy-brandkindin-luovaan-tiimiin\/","og_locale":"fi_FI","og_type":"article","og_title":"Maiju Kettunen liittyy Brandkindin luovaan tiimiin &#8211; Brandkind","og_description":"Brandkind rekrytoi Maiju Kettusen Junior Creative -teht\u00e4v\u00e4\u00e4n vahvistamaan digitaalisen markkinoinnin tiimi\u00e4.","og_url":"https:\/\/brandkind.fi\/fi\/uutiset\/maiju-kettunen-liittyy-brandkindin-luovaan-tiimiin\/","og_site_name":"Brandkind","article_publisher":"https:\/\/www.facebook.com\/brandkind\/","article_published_time":"2024-04-02T12:14:08+00:00","article_modified_time":"2024-10-04T13:35:31+00:00","og_image":[{"width":1920,"height":1080,"url":"https:\/\/brandkind.fi\/wp-content\/uploads\/2024\/04\/BK_MaijuKettunen_NewPosition.jpg","type":"image\/jpeg"}],"author":"BK-yllapito","twitter_card":"summary_large_image","twitter_misc":{"Kirjoittanut":"BK-yllapito","Arvioitu lukuaika":"1 minuutti"},"schema":{"@context":"https:\/\/schema.org","@graph":[{"@type":"Article","@id":"https:\/\/brandkind.fi\/fi\/uutiset\/maiju-kettunen-liittyy-brandkindin-luovaan-tiimiin\/#article","isPartOf":{"@id":"https:\/\/brandkind.fi\/fi\/uutiset\/maiju-kettunen-liittyy-brandkindin-luovaan-tiimiin\/"},"author":{"name":"BK-yllapito","@id":"https:\/\/brandkind.fi\/#\/schema\/person\/d5e7e3d0a737509cfe5ddac86a8bbbca"},"headline":"Maiju Kettunen liittyy Brandkindin luovaan tiimiin","datePublished":"2024-04-02T12:14:08+00:00","dateModified":"2024-10-04T13:35:31+00:00","mainEntityOfPage":{"@id":"https:\/\/brandkind.fi\/fi\/uutiset\/maiju-kettunen-liittyy-brandkindin-luovaan-tiimiin\/"},"wordCount":108,"publisher":{"@id":"https:\/\/brandkind.fi\/#organization"},"image":{"@id":"https:\/\/brandkind.fi\/fi\/uutiset\/maiju-kettunen-liittyy-brandkindin-luovaan-tiimiin\/#primaryimage"},"thumbnailUrl":"https:\/\/brandkind.fi\/wp-content\/uploads\/2024\/04\/BK_MaijuKettunen_NewPosition.jpg","articleSection":["Uutiset"],"inLanguage":"fi"},{"@type":"WebPage","@id":"https:\/\/brandkind.fi\/fi\/uutiset\/maiju-kettunen-liittyy-brandkindin-luovaan-tiimiin\/","url":"https:\/\/brandkind.fi\/fi\/uutiset\/maiju-kettunen-liittyy-brandkindin-luovaan-tiimiin\/","name":"Maiju Kettunen liittyy Brandkindin luovaan tiimiin &#8211; Brandkind","isPartOf":{"@id":"https:\/\/brandkind.fi\/#website"},"primaryImageOfPage":{"@id":"https:\/\/brandkind.fi\/fi\/uutiset\/maiju-kettunen-liittyy-brandkindin-luovaan-tiimiin\/#primaryimage"},"image":{"@id":"https:\/\/brandkind.fi\/fi\/uutiset\/maiju-kettunen-liittyy-brandkindin-luovaan-tiimiin\/#primaryimage"},"thumbnailUrl":"https:\/\/brandkind.fi\/wp-content\/uploads\/2024\/04\/BK_MaijuKettunen_NewPosition.jpg","datePublished":"2024-04-02T12:14:08+00:00","dateModified":"2024-10-04T13:35:31+00:00","description":"Brandkind rekrytoi Maiju Kettusen Junior Creative -teht\u00e4v\u00e4\u00e4n vahvistamaan digitaalisen markkinoinnin tiimi\u00e4.","breadcrumb":{"@id":"https:\/\/brandkind.fi\/fi\/uutiset\/maiju-kettunen-liittyy-brandkindin-luovaan-tiimiin\/#breadcrumb"},"inLanguage":"fi","potentialAction":[{"@type":"ReadAction","target":["https:\/\/brandkind.fi\/fi\/uutiset\/maiju-kettunen-liittyy-brandkindin-luovaan-tiimiin\/"]}]},{"@type":"ImageObject","inLanguage":"fi","@id":"https:\/\/brandkind.fi\/fi\/uutiset\/maiju-kettunen-liittyy-brandkindin-luovaan-tiimiin\/#primaryimage","url":"https:\/\/brandkind.fi\/wp-content\/uploads\/2024\/04\/BK_MaijuKettunen_NewPosition.jpg","contentUrl":"https:\/\/brandkind.fi\/wp-content\/uploads\/2024\/04\/BK_MaijuKettunen_NewPosition.jpg","width":1920,"height":1080},{"@type":"BreadcrumbList","@id":"https:\/\/brandkind.fi\/fi\/uutiset\/maiju-kettunen-liittyy-brandkindin-luovaan-tiimiin\/#breadcrumb","itemListElement":[{"@type":"ListItem","position":1,"name":"Home","item":"https:\/\/brandkind.fi\/fi\/"},{"@type":"ListItem","position":2,"name":"Maiju Kettunen liittyy Brandkindin luovaan tiimiin"}]},{"@type":"WebSite","@id":"https:\/\/brandkind.fi\/#website","url":"https:\/\/brandkind.fi\/","name":"Brandkind","description":"","publisher":{"@id":"https:\/\/brandkind.fi\/#organization"},"potentialAction":[{"@type":"SearchAction","target":{"@type":"EntryPoint","urlTemplate":"https:\/\/brandkind.fi\/?s={search_term_string}"},"query-input":{"@type":"PropertyValueSpecification","valueRequired":true,"valueName":"search_term_string"}}],"inLanguage":"fi"},{"@type":"Organization","@id":"https:\/\/brandkind.fi\/#organization","name":"Brandkind","alternateName":"Brandkind","url":"https:\/\/brandkind.fi\/","logo":{"@type":"ImageObject","inLanguage":"fi","@id":"https:\/\/brandkind.fi\/#\/schema\/logo\/image\/","url":"https:\/\/brandkind.fi\/wp-content\/uploads\/2023\/11\/Brandkind-logo-1.png","contentUrl":"https:\/\/brandkind.fi\/wp-content\/uploads\/2023\/11\/Brandkind-logo-1.png","width":1680,"height":251,"caption":"Brandkind"},"image":{"@id":"https:\/\/brandkind.fi\/#\/schema\/logo\/image\/"},"sameAs":["https:\/\/www.facebook.com\/brandkind\/","https:\/\/linkedin.com\/company\/brandkind"]},{"@type":"Person","@id":"https:\/\/brandkind.fi\/#\/schema\/person\/d5e7e3d0a737509cfe5ddac86a8bbbca","name":"BK-yllapito","image":{"@type":"ImageObject","inLanguage":"fi","@id":"https:\/\/secure.gravatar.com\/avatar\/1f057a9f3f4223dda5af82432c4665f4d7f9d2e8fdebbf0810ba332213d434bf?s=96&d=mm&r=g","url":"https:\/\/secure.gravatar.com\/avatar\/1f057a9f3f4223dda5af82432c4665f4d7f9d2e8fdebbf0810ba332213d434bf?s=96&d=mm&r=g","contentUrl":"https:\/\/secure.gravatar.com\/avatar\/1f057a9f3f4223dda5af82432c4665f4d7f9d2e8fdebbf0810ba332213d434bf?s=96&d=mm&r=g","caption":"BK-yllapito"},"sameAs":["https:\/\/brandkind.fi"]}]}},"_links":{"self":[{"href":"https:\/\/brandkind.fi\/fi\/wp-json\/wp\/v2\/posts\/5137","targetHints":{"allow":["GET"]}}],"collection":[{"href":"https:\/\/brandkind.fi\/fi\/wp-json\/wp\/v2\/posts"}],"about":[{"href":"https:\/\/brandkind.fi\/fi\/wp-json\/wp\/v2\/types\/post"}],"author":[{"embeddable":true,"href":"https:\/\/brandkind.fi\/fi\/wp-json\/wp\/v2\/users\/1"}],"replies":[{"embeddable":true,"href":"https:\/\/brandkind.fi\/fi\/wp-json\/wp\/v2\/comments?post=5137"}],"version-history":[{"count":2,"href":"https:\/\/brandkind.fi\/fi\/wp-json\/wp\/v2\/posts\/5137\/revisions"}],"predecessor-version":[{"id":5330,"href":"https:\/\/brandkind.fi\/fi\/wp-json\/wp\/v2\/posts\/5137\/revisions\/5330"}],"wp:featuredmedia":[{"embeddable":true,"href":"https:\/\/brandkind.fi\/fi\/wp-json\/wp\/v2\/media\/4745"}],"wp:attachment":[{"href":"https:\/\/brandkind.fi\/fi\/wp-json\/wp\/v2\/media?parent=5137"}],"wp:term":[{"taxonomy":"category","embeddable":true,"href":"https:\/\/brandkind.fi\/fi\/wp-json\/wp\/v2\/categories?post=5137"},{"taxonomy":"post_tag","embeddable":true,"href":"https:\/\/brandkind.fi\/fi\/wp-json\/wp\/v2\/tags?post=5137"}],"curies":[{"name":"wp","href":"https:\/\/api.w.org\/{rel}","templated":true}]}}