{"id":5125,"date":"2022-05-24T08:16:39","date_gmt":"2022-05-24T08:16:39","guid":{"rendered":"https:\/\/brandkind.fi\/uncategorized-fi\/brandkind-people-sanna-ra\/"},"modified":"2024-10-10T06:56:04","modified_gmt":"2024-10-10T06:56:04","slug":"brandkind-people-sanna-ra","status":"publish","type":"post","link":"https:\/\/brandkind.fi\/fi\/me\/brandkind-people-sanna-ra\/","title":{"rendered":"Brandkind People: Sanna Ra"},"content":{"rendered":"\n<h2 class=\"wp-block-heading\">Timantit syntyv\u00e4t paineen alla<\/h2>\n\n<p>Sannalla on taustaa sek\u00e4 journalismissa ett\u00e4 kansalaisj\u00e4rjest\u00f6jen viestinn\u00e4ss\u00e4. Ty\u00f6skennelty\u00e4\u00e4n vuosia ulkomailla Egyptiss\u00e4 ja Israelissa\/Palestiinassa ulkomaankirjeenvaihtajana ja ty\u00f6skennelty\u00e4\u00e4n kansalaisj\u00e4rjest\u00f6jen, kuten Punaisen Ristin kansainv\u00e4lisen komitean (ICRC), kanssa Sanna kiinnostui sosiaaliseen vastuuseen ja kest\u00e4vyyteen liittyvist\u00e4 teemoista. Joten, kuten voitte kuvitella h\u00e4nen taustastaan, ty\u00f6skentely nopeatempoisessa korkeapaineisessa mainonnan maailmassa on osoittautumassa h\u00e4nelle helpoksi.<\/p>\n\n<p>H\u00e4n kehitt\u00e4\u00e4 kanssamme ymm\u00e4rryst\u00e4\u00e4n tehokkaasta viestinn\u00e4st\u00e4, johon kest\u00e4v\u00e4 kehitys ja ESG-teemat liittyv\u00e4t olennaisesti. H\u00e4n on suorittaa parhaillaan sertifikaattia Aalto-yliopiston Ammatillisen kehityksen ohjelmasta erikoistuen projektinhallintaan ja kest\u00e4v\u00e4\u00e4n kehitykseen. T\u00e4m\u00e4n ohjelman kautta meill\u00e4 oli alun perin onni tutustua h\u00e4neen. Brandkind ottaa mielell\u00e4\u00e4n vastaan uusia ty\u00f6ntekij\u00f6it\u00e4, joilla on tuoreet n\u00e4k\u00f6kulmat ja vahvat ammatilliset taustat.<\/p>\n\n<h2 class=\"wp-block-heading\">On paljon hyvi\u00e4 tarinoita, jotka pit\u00e4\u00e4 kertoa<\/h2>\n\n<p>H\u00e4n on viestinn\u00e4n ammattilainen, joka on n\u00e4hnyt omakohtaisesti kaiken sen hyv\u00e4n, mit\u00e4 kansalaisj\u00e4rjest\u00f6t ovat tehneet sosiaalisen ja ymp\u00e4rist\u00f6vastuun suhteen. &#8221;Jos haluamme muuttaa maailmaa parempaan suuntaan, muutos on suurelta osin yritysten k\u00e4siss\u00e4. Monet suomalaiset B2B-yritykset tekev\u00e4t jo paljon ja monesti niill\u00e4 on johtoasema oman toimialansa ESG:hen liittyviss\u00e4 parannuksissa. Haluan olla mukana kertomassa t\u00e4t\u00e4 positiivista tarinaa suuremmalle globaalille yleis\u00f6lle&#8221;, Sanna kertoo, kun h\u00e4nelt\u00e4 kysyt\u00e4\u00e4n siirtymisest\u00e4\u00e4n B2B-markkinointiviestinn\u00e4n maailmaan.<\/p>\n\n<blockquote class=\"wp-block-quote is-layout-flow wp-block-quote-is-layout-flow\"><p>On upeaa p\u00e4\u00e4st\u00e4 ty\u00f6skentelem\u00e4\u00e4n luovuuden ja kirjoittamisen parissa. T\u00e4llaiseen luovaan tiimiin mukaan p\u00e4\u00e4sy on todella inspiroivaa. Tiimi tuo kaikkien parhaat puolet esiin, ja johtaa lopulta parhaaseen mahdolliseen lopputulokseen teille, asiakkaillemme.<\/p><\/blockquote>\n\n<p>H\u00e4nen journalistinen taustansa antaa h\u00e4nelle kaksi taitoa, joista on suurta hy\u00f6ty\u00e4 h\u00e4nen uudessa roolissaan; vahva ymm\u00e4rrys tarinankerronnan voimasta ja ter\u00e4v\u00e4 mieli, joka innostuu kysymysten esitt\u00e4misest\u00e4 ja syv\u00e4lle tarinan takana oleviin yksityiskohtiin ja taustoihin pureutumisesta. Uudessa viestint\u00e4koordinaattorin roolissaan h\u00e4n keskittyy sek\u00e4 laadukkaaseen sis\u00e4lt\u00f6\u00f6n ett\u00e4 aikataulutettuun projektien toteutukseen. H\u00e4n on k\u00e4yt\u00e4nn\u00f6nl\u00e4heinen tyyppi, joka ei pelk\u00e4\u00e4 k\u00e4\u00e4ri\u00e4 hihojaan ja ottaa vastuuta kaikista h\u00e4nelle osoitetuista projekteista.<\/p>\n","protected":false},"excerpt":{"rendered":"<p>Timantit syntyv\u00e4t paineen alla Sannalla on taustaa sek\u00e4 journalismissa ett\u00e4 kansalaisj\u00e4rjest\u00f6jen viestinn\u00e4ss\u00e4. Ty\u00f6skennelty\u00e4\u00e4n vuosia ulkomailla Egyptiss\u00e4 ja Israelissa\/Palestiinassa ulkomaankirjeenvaihtajana ja ty\u00f6skennelty\u00e4\u00e4n kansalaisj\u00e4rjest\u00f6jen, kuten Punaisen Ristin kansainv\u00e4lisen komitean (ICRC), kanssa Sanna kiinnostui sosiaaliseen vastuuseen ja kest\u00e4vyyteen liittyvist\u00e4 teemoista. Joten, kuten voitte kuvitella h\u00e4nen taustastaan, ty\u00f6skentely nopeatempoisessa korkeapaineisessa mainonnan maailmassa on osoittautumassa h\u00e4nelle helpoksi. H\u00e4n kehitt\u00e4\u00e4 kanssamme [&#8230;]<\/p>\n<p><a class=\"btn btn-secondary understrap-read-more-link\" href=\"https:\/\/brandkind.fi\/fi\/me\/brandkind-people-sanna-ra\/\">Lue lis\u00e4\u00e4&#8230;<span class=\"screen-reader-text\"> from Brandkind People: Sanna Ra<\/span><\/a><\/p>\n","protected":false},"author":1,"featured_media":4767,"comment_status":"closed","ping_status":"closed","sticky":false,"template":"","format":"standard","meta":{"_improvement_type_select":"improve_an_existing","_thumb_yes_seoaic":false,"_frame_yes_seoaic":false,"seoaic_generate_description":"","seoaic_improve_instructions_prompt":"","seoaic_rollback_content_improvement":"","seoaic_idea_thumbnail_generator":"","thumbnail_generated":false,"thumbnail_generate_prompt":"","seoaic_article_description":"","_monsterinsights_skip_tracking":false,"_monsterinsights_sitenote_active":false,"_monsterinsights_sitenote_note":"","_monsterinsights_sitenote_category":0,"seoaic_article_subtitles":[],"footnotes":""},"categories":[45],"tags":[],"class_list":["post-5125","post","type-post","status-publish","format-standard","has-post-thumbnail","hentry","category-me"],"acf":[],"yoast_head":"<!-- This site is optimized with the Yoast SEO plugin v27.5 - https:\/\/yoast.com\/product\/yoast-seo-wordpress\/ -->\n<title>Brandkind People: Sanna Ra &#8211; Brandkind<\/title>\n<meta name=\"description\" content=\"Sanna Ra on Brandkindin uusin tiimin j\u00e4sen ja erikoistuu markkinointi- ja yritysviestint\u00e4\u00e4n vastuullisuus edell\u00e4.\" \/>\n<meta name=\"robots\" content=\"index, follow, max-snippet:-1, max-image-preview:large, max-video-preview:-1\" \/>\n<link rel=\"canonical\" href=\"https:\/\/brandkind.fi\/fi\/me\/brandkind-people-sanna-ra\/\" \/>\n<meta property=\"og:locale\" content=\"fi_FI\" \/>\n<meta property=\"og:type\" content=\"article\" \/>\n<meta property=\"og:title\" content=\"Brandkind People: Sanna Ra &#8211; Brandkind\" \/>\n<meta property=\"og:description\" content=\"Sanna Ra on Brandkindin uusin tiimin j\u00e4sen ja erikoistuu markkinointi- ja yritysviestint\u00e4\u00e4n vastuullisuus edell\u00e4.\" \/>\n<meta property=\"og:url\" content=\"https:\/\/brandkind.fi\/fi\/me\/brandkind-people-sanna-ra\/\" \/>\n<meta property=\"og:site_name\" content=\"Brandkind\" \/>\n<meta property=\"article:publisher\" content=\"https:\/\/www.facebook.com\/brandkind\/\" \/>\n<meta property=\"article:published_time\" content=\"2022-05-24T08:16:39+00:00\" \/>\n<meta property=\"article:modified_time\" content=\"2024-10-10T06:56:04+00:00\" \/>\n<meta property=\"og:image\" content=\"https:\/\/brandkind.fi\/wp-content\/uploads\/2022\/05\/BK_Blog_People_Brandkind-Sanna.jpg\" \/>\n\t<meta property=\"og:image:width\" content=\"1920\" \/>\n\t<meta property=\"og:image:height\" content=\"1080\" \/>\n\t<meta property=\"og:image:type\" content=\"image\/jpeg\" \/>\n<meta name=\"author\" content=\"BK-yllapito\" \/>\n<meta name=\"twitter:card\" content=\"summary_large_image\" \/>\n<meta name=\"twitter:label1\" content=\"Kirjoittanut\" \/>\n\t<meta name=\"twitter:data1\" content=\"BK-yllapito\" \/>\n\t<meta name=\"twitter:label2\" content=\"Arvioitu lukuaika\" \/>\n\t<meta name=\"twitter:data2\" content=\"1 minuutti\" \/>\n<script type=\"application\/ld+json\" class=\"yoast-schema-graph\">{\"@context\":\"https:\\\/\\\/schema.org\",\"@graph\":[{\"@type\":\"Article\",\"@id\":\"https:\\\/\\\/brandkind.fi\\\/fi\\\/me\\\/brandkind-people-sanna-ra\\\/#article\",\"isPartOf\":{\"@id\":\"https:\\\/\\\/brandkind.fi\\\/fi\\\/me\\\/brandkind-people-sanna-ra\\\/\"},\"author\":{\"name\":\"BK-yllapito\",\"@id\":\"https:\\\/\\\/brandkind.fi\\\/#\\\/schema\\\/person\\\/d5e7e3d0a737509cfe5ddac86a8bbbca\"},\"headline\":\"Brandkind People: Sanna Ra\",\"datePublished\":\"2022-05-24T08:16:39+00:00\",\"dateModified\":\"2024-10-10T06:56:04+00:00\",\"mainEntityOfPage\":{\"@id\":\"https:\\\/\\\/brandkind.fi\\\/fi\\\/me\\\/brandkind-people-sanna-ra\\\/\"},\"wordCount\":347,\"publisher\":{\"@id\":\"https:\\\/\\\/brandkind.fi\\\/#organization\"},\"image\":{\"@id\":\"https:\\\/\\\/brandkind.fi\\\/fi\\\/me\\\/brandkind-people-sanna-ra\\\/#primaryimage\"},\"thumbnailUrl\":\"https:\\\/\\\/brandkind.fi\\\/wp-content\\\/uploads\\\/2022\\\/05\\\/BK_Blog_People_Brandkind-Sanna.jpg\",\"articleSection\":[\"Me\"],\"inLanguage\":\"fi\"},{\"@type\":\"WebPage\",\"@id\":\"https:\\\/\\\/brandkind.fi\\\/fi\\\/me\\\/brandkind-people-sanna-ra\\\/\",\"url\":\"https:\\\/\\\/brandkind.fi\\\/fi\\\/me\\\/brandkind-people-sanna-ra\\\/\",\"name\":\"Brandkind People: Sanna Ra &#8211; Brandkind\",\"isPartOf\":{\"@id\":\"https:\\\/\\\/brandkind.fi\\\/#website\"},\"primaryImageOfPage\":{\"@id\":\"https:\\\/\\\/brandkind.fi\\\/fi\\\/me\\\/brandkind-people-sanna-ra\\\/#primaryimage\"},\"image\":{\"@id\":\"https:\\\/\\\/brandkind.fi\\\/fi\\\/me\\\/brandkind-people-sanna-ra\\\/#primaryimage\"},\"thumbnailUrl\":\"https:\\\/\\\/brandkind.fi\\\/wp-content\\\/uploads\\\/2022\\\/05\\\/BK_Blog_People_Brandkind-Sanna.jpg\",\"datePublished\":\"2022-05-24T08:16:39+00:00\",\"dateModified\":\"2024-10-10T06:56:04+00:00\",\"description\":\"Sanna Ra on Brandkindin uusin tiimin j\u00e4sen ja erikoistuu markkinointi- ja yritysviestint\u00e4\u00e4n vastuullisuus edell\u00e4.\",\"breadcrumb\":{\"@id\":\"https:\\\/\\\/brandkind.fi\\\/fi\\\/me\\\/brandkind-people-sanna-ra\\\/#breadcrumb\"},\"inLanguage\":\"fi\",\"potentialAction\":[{\"@type\":\"ReadAction\",\"target\":[\"https:\\\/\\\/brandkind.fi\\\/fi\\\/me\\\/brandkind-people-sanna-ra\\\/\"]}]},{\"@type\":\"ImageObject\",\"inLanguage\":\"fi\",\"@id\":\"https:\\\/\\\/brandkind.fi\\\/fi\\\/me\\\/brandkind-people-sanna-ra\\\/#primaryimage\",\"url\":\"https:\\\/\\\/brandkind.fi\\\/wp-content\\\/uploads\\\/2022\\\/05\\\/BK_Blog_People_Brandkind-Sanna.jpg\",\"contentUrl\":\"https:\\\/\\\/brandkind.fi\\\/wp-content\\\/uploads\\\/2022\\\/05\\\/BK_Blog_People_Brandkind-Sanna.jpg\",\"width\":1920,\"height\":1080},{\"@type\":\"BreadcrumbList\",\"@id\":\"https:\\\/\\\/brandkind.fi\\\/fi\\\/me\\\/brandkind-people-sanna-ra\\\/#breadcrumb\",\"itemListElement\":[{\"@type\":\"ListItem\",\"position\":1,\"name\":\"Home\",\"item\":\"https:\\\/\\\/brandkind.fi\\\/fi\\\/\"},{\"@type\":\"ListItem\",\"position\":2,\"name\":\"Brandkind People: Sanna Ra\"}]},{\"@type\":\"WebSite\",\"@id\":\"https:\\\/\\\/brandkind.fi\\\/#website\",\"url\":\"https:\\\/\\\/brandkind.fi\\\/\",\"name\":\"Brandkind\",\"description\":\"\",\"publisher\":{\"@id\":\"https:\\\/\\\/brandkind.fi\\\/#organization\"},\"potentialAction\":[{\"@type\":\"SearchAction\",\"target\":{\"@type\":\"EntryPoint\",\"urlTemplate\":\"https:\\\/\\\/brandkind.fi\\\/?s={search_term_string}\"},\"query-input\":{\"@type\":\"PropertyValueSpecification\",\"valueRequired\":true,\"valueName\":\"search_term_string\"}}],\"inLanguage\":\"fi\"},{\"@type\":\"Organization\",\"@id\":\"https:\\\/\\\/brandkind.fi\\\/#organization\",\"name\":\"Brandkind\",\"alternateName\":\"Brandkind\",\"url\":\"https:\\\/\\\/brandkind.fi\\\/\",\"logo\":{\"@type\":\"ImageObject\",\"inLanguage\":\"fi\",\"@id\":\"https:\\\/\\\/brandkind.fi\\\/#\\\/schema\\\/logo\\\/image\\\/\",\"url\":\"https:\\\/\\\/brandkind.fi\\\/wp-content\\\/uploads\\\/2023\\\/11\\\/Brandkind-logo-1.png\",\"contentUrl\":\"https:\\\/\\\/brandkind.fi\\\/wp-content\\\/uploads\\\/2023\\\/11\\\/Brandkind-logo-1.png\",\"width\":1680,\"height\":251,\"caption\":\"Brandkind\"},\"image\":{\"@id\":\"https:\\\/\\\/brandkind.fi\\\/#\\\/schema\\\/logo\\\/image\\\/\"},\"sameAs\":[\"https:\\\/\\\/www.facebook.com\\\/brandkind\\\/\",\"https:\\\/\\\/linkedin.com\\\/company\\\/brandkind\"]},{\"@type\":\"Person\",\"@id\":\"https:\\\/\\\/brandkind.fi\\\/#\\\/schema\\\/person\\\/d5e7e3d0a737509cfe5ddac86a8bbbca\",\"name\":\"BK-yllapito\",\"image\":{\"@type\":\"ImageObject\",\"inLanguage\":\"fi\",\"@id\":\"https:\\\/\\\/secure.gravatar.com\\\/avatar\\\/1f057a9f3f4223dda5af82432c4665f4d7f9d2e8fdebbf0810ba332213d434bf?s=96&d=mm&r=g\",\"url\":\"https:\\\/\\\/secure.gravatar.com\\\/avatar\\\/1f057a9f3f4223dda5af82432c4665f4d7f9d2e8fdebbf0810ba332213d434bf?s=96&d=mm&r=g\",\"contentUrl\":\"https:\\\/\\\/secure.gravatar.com\\\/avatar\\\/1f057a9f3f4223dda5af82432c4665f4d7f9d2e8fdebbf0810ba332213d434bf?s=96&d=mm&r=g\",\"caption\":\"BK-yllapito\"},\"sameAs\":[\"https:\\\/\\\/brandkind.fi\"]}]}<\/script>\n<!-- \/ Yoast SEO plugin. -->","yoast_head_json":{"title":"Brandkind People: Sanna Ra &#8211; Brandkind","description":"Sanna Ra on Brandkindin uusin tiimin j\u00e4sen ja erikoistuu markkinointi- ja yritysviestint\u00e4\u00e4n vastuullisuus edell\u00e4.","robots":{"index":"index","follow":"follow","max-snippet":"max-snippet:-1","max-image-preview":"max-image-preview:large","max-video-preview":"max-video-preview:-1"},"canonical":"https:\/\/brandkind.fi\/fi\/me\/brandkind-people-sanna-ra\/","og_locale":"fi_FI","og_type":"article","og_title":"Brandkind People: Sanna Ra &#8211; Brandkind","og_description":"Sanna Ra on Brandkindin uusin tiimin j\u00e4sen ja erikoistuu markkinointi- ja yritysviestint\u00e4\u00e4n vastuullisuus edell\u00e4.","og_url":"https:\/\/brandkind.fi\/fi\/me\/brandkind-people-sanna-ra\/","og_site_name":"Brandkind","article_publisher":"https:\/\/www.facebook.com\/brandkind\/","article_published_time":"2022-05-24T08:16:39+00:00","article_modified_time":"2024-10-10T06:56:04+00:00","og_image":[{"width":1920,"height":1080,"url":"https:\/\/brandkind.fi\/wp-content\/uploads\/2022\/05\/BK_Blog_People_Brandkind-Sanna.jpg","type":"image\/jpeg"}],"author":"BK-yllapito","twitter_card":"summary_large_image","twitter_misc":{"Kirjoittanut":"BK-yllapito","Arvioitu lukuaika":"1 minuutti"},"schema":{"@context":"https:\/\/schema.org","@graph":[{"@type":"Article","@id":"https:\/\/brandkind.fi\/fi\/me\/brandkind-people-sanna-ra\/#article","isPartOf":{"@id":"https:\/\/brandkind.fi\/fi\/me\/brandkind-people-sanna-ra\/"},"author":{"name":"BK-yllapito","@id":"https:\/\/brandkind.fi\/#\/schema\/person\/d5e7e3d0a737509cfe5ddac86a8bbbca"},"headline":"Brandkind People: Sanna Ra","datePublished":"2022-05-24T08:16:39+00:00","dateModified":"2024-10-10T06:56:04+00:00","mainEntityOfPage":{"@id":"https:\/\/brandkind.fi\/fi\/me\/brandkind-people-sanna-ra\/"},"wordCount":347,"publisher":{"@id":"https:\/\/brandkind.fi\/#organization"},"image":{"@id":"https:\/\/brandkind.fi\/fi\/me\/brandkind-people-sanna-ra\/#primaryimage"},"thumbnailUrl":"https:\/\/brandkind.fi\/wp-content\/uploads\/2022\/05\/BK_Blog_People_Brandkind-Sanna.jpg","articleSection":["Me"],"inLanguage":"fi"},{"@type":"WebPage","@id":"https:\/\/brandkind.fi\/fi\/me\/brandkind-people-sanna-ra\/","url":"https:\/\/brandkind.fi\/fi\/me\/brandkind-people-sanna-ra\/","name":"Brandkind People: Sanna Ra &#8211; Brandkind","isPartOf":{"@id":"https:\/\/brandkind.fi\/#website"},"primaryImageOfPage":{"@id":"https:\/\/brandkind.fi\/fi\/me\/brandkind-people-sanna-ra\/#primaryimage"},"image":{"@id":"https:\/\/brandkind.fi\/fi\/me\/brandkind-people-sanna-ra\/#primaryimage"},"thumbnailUrl":"https:\/\/brandkind.fi\/wp-content\/uploads\/2022\/05\/BK_Blog_People_Brandkind-Sanna.jpg","datePublished":"2022-05-24T08:16:39+00:00","dateModified":"2024-10-10T06:56:04+00:00","description":"Sanna Ra on Brandkindin uusin tiimin j\u00e4sen ja erikoistuu markkinointi- ja yritysviestint\u00e4\u00e4n vastuullisuus edell\u00e4.","breadcrumb":{"@id":"https:\/\/brandkind.fi\/fi\/me\/brandkind-people-sanna-ra\/#breadcrumb"},"inLanguage":"fi","potentialAction":[{"@type":"ReadAction","target":["https:\/\/brandkind.fi\/fi\/me\/brandkind-people-sanna-ra\/"]}]},{"@type":"ImageObject","inLanguage":"fi","@id":"https:\/\/brandkind.fi\/fi\/me\/brandkind-people-sanna-ra\/#primaryimage","url":"https:\/\/brandkind.fi\/wp-content\/uploads\/2022\/05\/BK_Blog_People_Brandkind-Sanna.jpg","contentUrl":"https:\/\/brandkind.fi\/wp-content\/uploads\/2022\/05\/BK_Blog_People_Brandkind-Sanna.jpg","width":1920,"height":1080},{"@type":"BreadcrumbList","@id":"https:\/\/brandkind.fi\/fi\/me\/brandkind-people-sanna-ra\/#breadcrumb","itemListElement":[{"@type":"ListItem","position":1,"name":"Home","item":"https:\/\/brandkind.fi\/fi\/"},{"@type":"ListItem","position":2,"name":"Brandkind People: Sanna Ra"}]},{"@type":"WebSite","@id":"https:\/\/brandkind.fi\/#website","url":"https:\/\/brandkind.fi\/","name":"Brandkind","description":"","publisher":{"@id":"https:\/\/brandkind.fi\/#organization"},"potentialAction":[{"@type":"SearchAction","target":{"@type":"EntryPoint","urlTemplate":"https:\/\/brandkind.fi\/?s={search_term_string}"},"query-input":{"@type":"PropertyValueSpecification","valueRequired":true,"valueName":"search_term_string"}}],"inLanguage":"fi"},{"@type":"Organization","@id":"https:\/\/brandkind.fi\/#organization","name":"Brandkind","alternateName":"Brandkind","url":"https:\/\/brandkind.fi\/","logo":{"@type":"ImageObject","inLanguage":"fi","@id":"https:\/\/brandkind.fi\/#\/schema\/logo\/image\/","url":"https:\/\/brandkind.fi\/wp-content\/uploads\/2023\/11\/Brandkind-logo-1.png","contentUrl":"https:\/\/brandkind.fi\/wp-content\/uploads\/2023\/11\/Brandkind-logo-1.png","width":1680,"height":251,"caption":"Brandkind"},"image":{"@id":"https:\/\/brandkind.fi\/#\/schema\/logo\/image\/"},"sameAs":["https:\/\/www.facebook.com\/brandkind\/","https:\/\/linkedin.com\/company\/brandkind"]},{"@type":"Person","@id":"https:\/\/brandkind.fi\/#\/schema\/person\/d5e7e3d0a737509cfe5ddac86a8bbbca","name":"BK-yllapito","image":{"@type":"ImageObject","inLanguage":"fi","@id":"https:\/\/secure.gravatar.com\/avatar\/1f057a9f3f4223dda5af82432c4665f4d7f9d2e8fdebbf0810ba332213d434bf?s=96&d=mm&r=g","url":"https:\/\/secure.gravatar.com\/avatar\/1f057a9f3f4223dda5af82432c4665f4d7f9d2e8fdebbf0810ba332213d434bf?s=96&d=mm&r=g","contentUrl":"https:\/\/secure.gravatar.com\/avatar\/1f057a9f3f4223dda5af82432c4665f4d7f9d2e8fdebbf0810ba332213d434bf?s=96&d=mm&r=g","caption":"BK-yllapito"},"sameAs":["https:\/\/brandkind.fi"]}]}},"_links":{"self":[{"href":"https:\/\/brandkind.fi\/fi\/wp-json\/wp\/v2\/posts\/5125","targetHints":{"allow":["GET"]}}],"collection":[{"href":"https:\/\/brandkind.fi\/fi\/wp-json\/wp\/v2\/posts"}],"about":[{"href":"https:\/\/brandkind.fi\/fi\/wp-json\/wp\/v2\/types\/post"}],"author":[{"embeddable":true,"href":"https:\/\/brandkind.fi\/fi\/wp-json\/wp\/v2\/users\/1"}],"replies":[{"embeddable":true,"href":"https:\/\/brandkind.fi\/fi\/wp-json\/wp\/v2\/comments?post=5125"}],"version-history":[{"count":3,"href":"https:\/\/brandkind.fi\/fi\/wp-json\/wp\/v2\/posts\/5125\/revisions"}],"predecessor-version":[{"id":5378,"href":"https:\/\/brandkind.fi\/fi\/wp-json\/wp\/v2\/posts\/5125\/revisions\/5378"}],"wp:featuredmedia":[{"embeddable":true,"href":"https:\/\/brandkind.fi\/fi\/wp-json\/wp\/v2\/media\/4767"}],"wp:attachment":[{"href":"https:\/\/brandkind.fi\/fi\/wp-json\/wp\/v2\/media?parent=5125"}],"wp:term":[{"taxonomy":"category","embeddable":true,"href":"https:\/\/brandkind.fi\/fi\/wp-json\/wp\/v2\/categories?post=5125"},{"taxonomy":"post_tag","embeddable":true,"href":"https:\/\/brandkind.fi\/fi\/wp-json\/wp\/v2\/tags?post=5125"}],"curies":[{"name":"wp","href":"https:\/\/api.w.org\/{rel}","templated":true}]}}