{"id":5119,"date":"2024-01-30T13:24:54","date_gmt":"2024-01-30T13:24:54","guid":{"rendered":"https:\/\/brandkind.fi\/uncategorized-fi\/iiro-aarnikoivu-on-nimitetty-brandkindin-uudeksi-asiakkuusjohtajaksi\/"},"modified":"2025-01-28T09:15:56","modified_gmt":"2025-01-28T09:15:56","slug":"iiro-aarnikoivu-on-nimitetty-brandkindin-uudeksi-asiakkuusjohtajaksi","status":"publish","type":"post","link":"https:\/\/brandkind.fi\/fi\/uutiset\/iiro-aarnikoivu-on-nimitetty-brandkindin-uudeksi-asiakkuusjohtajaksi\/","title":{"rendered":"Iiro Aarnikoivu on nimitetty Brandkindin uudeksi asiakkuusjohtajaksi"},"content":{"rendered":"\n<p><span class=\"TextRun SCXW164542169 BCX0\" lang=\"FI-FI\" xml:lang=\"FI-FI\" data-contrast=\"none\"><span class=\"NormalTextRun SCXW164542169 BCX0\" data-ccp-charstyle=\"normaltextrun\" data-ccp-charstyle-defn=\"{&quot;ObjectId&quot;:&quot;f282cfa4-d871-48fb-8a40-4194b8b0ca8c|6&quot;,&quot;ClassId&quot;:1073872969,&quot;Properties&quot;:[201342446,&quot;1&quot;,201342447,&quot;5&quot;,201342448,&quot;1&quot;,201342449,&quot;1&quot;,469777841,&quot;Calibri&quot;,469777842,&quot;&quot;,469777843,&quot;Calibri&quot;,469777844,&quot;Calibri&quot;,201341986,&quot;1&quot;,469769226,&quot;Calibri&quot;,268442635,&quot;24&quot;,469775450,&quot;normaltextrun&quot;,201340122,&quot;1&quot;,134233614,&quot;true&quot;,469778129,&quot;normaltextrun&quot;,335572020,&quot;1&quot;,469778324,&quot;Default Paragraph Font&quot;]}\">Tammikuun alussa asiakkuusjohtajana aloittanut <\/span><\/span><strong><span class=\"TextRun MacChromeBold SCXW164542169 BCX0\" lang=\"FI-FI\" xml:lang=\"FI-FI\" data-contrast=\"none\"><span class=\"NormalTextRun SCXW164542169 BCX0\" data-ccp-charstyle=\"normaltextrun\">Iiro Aarnikoivu<\/span><\/span><\/strong><span class=\"TextRun SCXW164542169 BCX0\" lang=\"FI-FI\" xml:lang=\"FI-FI\" data-contrast=\"none\"><span class=\"NormalTextRun SCXW164542169 BCX0\" data-ccp-charstyle=\"normaltextrun\"> siirtyi <\/span><span class=\"NormalTextRun SpellingErrorV2Themed SCXW164542169 BCX0\" data-ccp-charstyle=\"normaltextrun\">Brandkindille<\/span><span class=\"NormalTextRun SCXW164542169 BCX0\" data-ccp-charstyle=\"normaltextrun\"> VML <\/span><span class=\"NormalTextRun SpellingErrorV2Themed SCXW164542169 BCX0\" data-ccp-charstyle=\"normaltextrun\">MAP:lta<\/span><span class=\"NormalTextRun SCXW164542169 BCX0\" data-ccp-charstyle=\"normaltextrun\"> (entinen <\/span><span class=\"NormalTextRun SpellingErrorV2Themed SCXW164542169 BCX0\" data-ccp-charstyle=\"normaltextrun\">Wunderman<\/span><span class=\"NormalTextRun SCXW164542169 BCX0\" data-ccp-charstyle=\"normaltextrun\"> Thompson MAP), jossa h\u00e4n vastasi Fordin monikanavaisen markkinoinnin suunnittelusta ja toteutuksesta Suomessa.<\/span><\/span><\/p>\n\n<p><span class=\"TextRun SCXW12252634 BCX0\" lang=\"FI-FI\" xml:lang=\"FI-FI\" data-contrast=\"none\"><span class=\"NormalTextRun SCXW12252634 BCX0\" data-ccp-charstyle=\"normaltextrun\" data-ccp-charstyle-defn=\"{&quot;ObjectId&quot;:&quot;f282cfa4-d871-48fb-8a40-4194b8b0ca8c|6&quot;,&quot;ClassId&quot;:1073872969,&quot;Properties&quot;:[201342446,&quot;1&quot;,201342447,&quot;5&quot;,201342448,&quot;1&quot;,201342449,&quot;1&quot;,469777841,&quot;Calibri&quot;,469777842,&quot;&quot;,469777843,&quot;Calibri&quot;,469777844,&quot;Calibri&quot;,201341986,&quot;1&quot;,469769226,&quot;Calibri&quot;,268442635,&quot;24&quot;,469775450,&quot;normaltextrun&quot;,201340122,&quot;1&quot;,134233614,&quot;true&quot;,469778129,&quot;normaltextrun&quot;,335572020,&quot;1&quot;,469778324,&quot;Default Paragraph Font&quot;]}\">\u201dIirolla on vankka kokemus isoista kansainv\u00e4lisist\u00e4 asiakkuuksista ja CRM-ymm\u00e4rryst\u00e4. Pystymme tarjoamaan monikanavaista markkinointia entist\u00e4 paremmin asiakkaillemme\u201d, sanoo <\/span><span class=\"NormalTextRun SpellingErrorV2Themed SCXW12252634 BCX0\" data-ccp-charstyle=\"normaltextrun\">Brandkindin<\/span><span class=\"NormalTextRun SCXW12252634 BCX0\" data-ccp-charstyle=\"normaltextrun\"> toimitusjohtaja <\/span><\/span><span class=\"TextRun MacChromeBold SCXW12252634 BCX0\" lang=\"FI-FI\" xml:lang=\"FI-FI\" data-contrast=\"none\"><span class=\"NormalTextRun SCXW12252634 BCX0\" data-ccp-charstyle=\"normaltextrun\"><strong>Marja Peltola<\/strong>.<\/span><\/span><\/p>\n\n<p>\u201dBrandkindilla on todella kiinnostavia asiakkuuksia, ja p\u00e4\u00e4sen varmasti tuomaan omaa osaamista ja ratkaisuja p\u00f6yt\u00e4\u00e4n. Monikanavaisuuden hallinnan avulla pystyn n\u00e4kem\u00e4\u00e4n eri osa-alueiden synergiat. Haluan perehty\u00e4 br\u00e4ndeihin tarkemmin, jotta pystymme tukemaan asiakkaitamme entist\u00e4 paremmin heid\u00e4n tavoitteittensa tehokkaassa saavuttamisessa\u201d, Aarnikoivu kuvailee.<\/p>\n\n<p>Aarnikoivulla on my\u00f6s kokemusta myynnillisist\u00e4 teht\u00e4vist\u00e4, joista on ollut hy\u00f6ty\u00e4 erityisesti uusasiakashankinnassa. \u201dSain myynnin puolelta paljon paineensieto- ja ratkaisukyky\u00e4. Kun koko asiakkuuskaari hallussa, on helpompi tarjota asiakkaalle oikeita ratkaisuja.\u201d<\/p>\n\n<p>Brandkindilla h\u00e4n odottaa erityisesti asiakkaiden tapaamisia ja olemassa olevien asiakkuuksien kehitt\u00e4mist\u00e4. \u201dAsiakkaiden kest\u00e4v\u00e4n kehityksen innovaatiot ovat oikea suunta. On my\u00f6s hienoa n\u00e4hd\u00e4, ett\u00e4 Brandkind on ottanut koppia teko\u00e4lyn hy\u00f6dynt\u00e4misest\u00e4. AI-osaamista voidaan tarjota asiakkaille ja tukea kaikkien osapuolten toimintaa.\u201d<\/p>\n\n<p>Aarnikoivuun on tehnyt vaikutuksen my\u00f6s Brandkindin muu luova osaaminen. \u201dSit\u00e4 olisi hienoa p\u00e4\u00e4st\u00e4 tarjoamaan asiakkaille viel\u00e4 enemm\u00e4n, tuoda luovien ratkaisujen kautta br\u00e4ndin\u00e4kyvyytt\u00e4 asiakkaille\u201d.\u202f<\/p>\n\n<p>Omaa luovuuttaan ja ty\u00f6st\u00e4 palautumista Aarnikoivu ruokkii urheilemalla. \u201dOlen intohimoinen liikkuja. Talvisin harrastan murtomaahiihtoa, kes\u00e4isin lenkkeily\u00e4 ja kuntosalia ymp\u00e4ri vuoden, yksin tai porukassa.\u201d<\/p>\n","protected":false},"excerpt":{"rendered":"<p>Tammikuun alussa asiakkuusjohtajana aloittanut Iiro Aarnikoivu siirtyi Brandkindille VML MAP:lta (entinen Wunderman Thompson MAP), jossa h\u00e4n vastasi Fordin monikanavaisen markkinoinnin suunnittelusta ja toteutuksesta Suomessa. \u201dIirolla on vankka kokemus isoista kansainv\u00e4lisist\u00e4 asiakkuuksista ja CRM-ymm\u00e4rryst\u00e4. Pystymme tarjoamaan monikanavaista markkinointia entist\u00e4 paremmin asiakkaillemme\u201d, sanoo Brandkindin toimitusjohtaja Marja Peltola. \u201dBrandkindilla on todella kiinnostavia asiakkuuksia, ja p\u00e4\u00e4sen varmasti tuomaan omaa [&#8230;]<\/p>\n<p><a class=\"btn btn-secondary understrap-read-more-link\" href=\"https:\/\/brandkind.fi\/fi\/uutiset\/iiro-aarnikoivu-on-nimitetty-brandkindin-uudeksi-asiakkuusjohtajaksi\/\">Lue lis\u00e4\u00e4&#8230;<span class=\"screen-reader-text\"> from Iiro Aarnikoivu on nimitetty Brandkindin uudeksi asiakkuusjohtajaksi<\/span><\/a><\/p>\n","protected":false},"author":1,"featured_media":4735,"comment_status":"closed","ping_status":"open","sticky":false,"template":"","format":"standard","meta":{"_improvement_type_select":"improve_an_existing","_thumb_yes_seoaic":false,"_frame_yes_seoaic":false,"seoaic_generate_description":"","seoaic_improve_instructions_prompt":"","seoaic_rollback_content_improvement":"","seoaic_idea_thumbnail_generator":"","thumbnail_generated":false,"thumbnail_generate_prompt":"","seoaic_article_description":"","_monsterinsights_skip_tracking":false,"_monsterinsights_sitenote_active":false,"_monsterinsights_sitenote_note":"","_monsterinsights_sitenote_category":0,"seoaic_article_subtitles":[],"footnotes":""},"categories":[47],"tags":[],"class_list":["post-5119","post","type-post","status-publish","format-standard","has-post-thumbnail","hentry","category-uutiset"],"acf":[],"yoast_head":"<!-- This site is optimized with the Yoast SEO plugin v27.5 - https:\/\/yoast.com\/product\/yoast-seo-wordpress\/ -->\n<title>Iiro Aarnikoivu on nimitetty uudeksi asiakkuusjohtajaksemme<\/title>\n<meta name=\"description\" content=\"Monikanavaisen markkinoinnin ammattilainen vahvistaa Brandkindin globaalin br\u00e4ndimarkkinoinnin osaamista ja projektihallintaa.\" \/>\n<meta name=\"robots\" content=\"index, follow, max-snippet:-1, max-image-preview:large, max-video-preview:-1\" \/>\n<link rel=\"canonical\" href=\"https:\/\/brandkind.fi\/fi\/uutiset\/iiro-aarnikoivu-on-nimitetty-brandkindin-uudeksi-asiakkuusjohtajaksi\/\" \/>\n<meta property=\"og:locale\" content=\"fi_FI\" \/>\n<meta property=\"og:type\" content=\"article\" \/>\n<meta property=\"og:title\" content=\"Iiro Aarnikoivu on nimitetty uudeksi asiakkuusjohtajaksemme\" \/>\n<meta property=\"og:description\" content=\"Monikanavaisen markkinoinnin ammattilainen vahvistaa Brandkindin globaalin br\u00e4ndimarkkinoinnin osaamista ja projektihallintaa.\" \/>\n<meta property=\"og:url\" content=\"https:\/\/brandkind.fi\/fi\/uutiset\/iiro-aarnikoivu-on-nimitetty-brandkindin-uudeksi-asiakkuusjohtajaksi\/\" \/>\n<meta property=\"og:site_name\" content=\"Brandkind\" \/>\n<meta property=\"article:publisher\" content=\"https:\/\/www.facebook.com\/brandkind\/\" \/>\n<meta property=\"article:published_time\" content=\"2024-01-30T13:24:54+00:00\" \/>\n<meta property=\"article:modified_time\" content=\"2025-01-28T09:15:56+00:00\" \/>\n<meta property=\"og:image\" content=\"https:\/\/brandkind.fi\/wp-content\/uploads\/2024\/01\/Iiro_Aarnikoivu.jpg\" \/>\n\t<meta property=\"og:image:width\" content=\"1920\" \/>\n\t<meta property=\"og:image:height\" content=\"1080\" \/>\n\t<meta property=\"og:image:type\" content=\"image\/jpeg\" \/>\n<meta name=\"author\" content=\"BK-yllapito\" \/>\n<meta name=\"twitter:card\" content=\"summary_large_image\" \/>\n<meta name=\"twitter:label1\" content=\"Kirjoittanut\" \/>\n\t<meta name=\"twitter:data1\" content=\"BK-yllapito\" \/>\n\t<meta name=\"twitter:label2\" content=\"Arvioitu lukuaika\" \/>\n\t<meta name=\"twitter:data2\" content=\"2 minuuttia\" \/>\n<script type=\"application\/ld+json\" class=\"yoast-schema-graph\">{\"@context\":\"https:\\\/\\\/schema.org\",\"@graph\":[{\"@type\":\"Article\",\"@id\":\"https:\\\/\\\/brandkind.fi\\\/fi\\\/uutiset\\\/iiro-aarnikoivu-on-nimitetty-brandkindin-uudeksi-asiakkuusjohtajaksi\\\/#article\",\"isPartOf\":{\"@id\":\"https:\\\/\\\/brandkind.fi\\\/fi\\\/uutiset\\\/iiro-aarnikoivu-on-nimitetty-brandkindin-uudeksi-asiakkuusjohtajaksi\\\/\"},\"author\":{\"name\":\"BK-yllapito\",\"@id\":\"https:\\\/\\\/brandkind.fi\\\/#\\\/schema\\\/person\\\/d5e7e3d0a737509cfe5ddac86a8bbbca\"},\"headline\":\"Iiro Aarnikoivu on nimitetty Brandkindin uudeksi asiakkuusjohtajaksi\",\"datePublished\":\"2024-01-30T13:24:54+00:00\",\"dateModified\":\"2025-01-28T09:15:56+00:00\",\"mainEntityOfPage\":{\"@id\":\"https:\\\/\\\/brandkind.fi\\\/fi\\\/uutiset\\\/iiro-aarnikoivu-on-nimitetty-brandkindin-uudeksi-asiakkuusjohtajaksi\\\/\"},\"wordCount\":234,\"publisher\":{\"@id\":\"https:\\\/\\\/brandkind.fi\\\/#organization\"},\"image\":{\"@id\":\"https:\\\/\\\/brandkind.fi\\\/fi\\\/uutiset\\\/iiro-aarnikoivu-on-nimitetty-brandkindin-uudeksi-asiakkuusjohtajaksi\\\/#primaryimage\"},\"thumbnailUrl\":\"https:\\\/\\\/brandkind.fi\\\/wp-content\\\/uploads\\\/2024\\\/01\\\/Iiro_Aarnikoivu.jpg\",\"articleSection\":[\"Uutiset\"],\"inLanguage\":\"fi\"},{\"@type\":\"WebPage\",\"@id\":\"https:\\\/\\\/brandkind.fi\\\/fi\\\/uutiset\\\/iiro-aarnikoivu-on-nimitetty-brandkindin-uudeksi-asiakkuusjohtajaksi\\\/\",\"url\":\"https:\\\/\\\/brandkind.fi\\\/fi\\\/uutiset\\\/iiro-aarnikoivu-on-nimitetty-brandkindin-uudeksi-asiakkuusjohtajaksi\\\/\",\"name\":\"Iiro Aarnikoivu on nimitetty uudeksi asiakkuusjohtajaksemme\",\"isPartOf\":{\"@id\":\"https:\\\/\\\/brandkind.fi\\\/#website\"},\"primaryImageOfPage\":{\"@id\":\"https:\\\/\\\/brandkind.fi\\\/fi\\\/uutiset\\\/iiro-aarnikoivu-on-nimitetty-brandkindin-uudeksi-asiakkuusjohtajaksi\\\/#primaryimage\"},\"image\":{\"@id\":\"https:\\\/\\\/brandkind.fi\\\/fi\\\/uutiset\\\/iiro-aarnikoivu-on-nimitetty-brandkindin-uudeksi-asiakkuusjohtajaksi\\\/#primaryimage\"},\"thumbnailUrl\":\"https:\\\/\\\/brandkind.fi\\\/wp-content\\\/uploads\\\/2024\\\/01\\\/Iiro_Aarnikoivu.jpg\",\"datePublished\":\"2024-01-30T13:24:54+00:00\",\"dateModified\":\"2025-01-28T09:15:56+00:00\",\"description\":\"Monikanavaisen markkinoinnin ammattilainen vahvistaa Brandkindin globaalin br\u00e4ndimarkkinoinnin osaamista ja projektihallintaa.\",\"breadcrumb\":{\"@id\":\"https:\\\/\\\/brandkind.fi\\\/fi\\\/uutiset\\\/iiro-aarnikoivu-on-nimitetty-brandkindin-uudeksi-asiakkuusjohtajaksi\\\/#breadcrumb\"},\"inLanguage\":\"fi\",\"potentialAction\":[{\"@type\":\"ReadAction\",\"target\":[\"https:\\\/\\\/brandkind.fi\\\/fi\\\/uutiset\\\/iiro-aarnikoivu-on-nimitetty-brandkindin-uudeksi-asiakkuusjohtajaksi\\\/\"]}]},{\"@type\":\"ImageObject\",\"inLanguage\":\"fi\",\"@id\":\"https:\\\/\\\/brandkind.fi\\\/fi\\\/uutiset\\\/iiro-aarnikoivu-on-nimitetty-brandkindin-uudeksi-asiakkuusjohtajaksi\\\/#primaryimage\",\"url\":\"https:\\\/\\\/brandkind.fi\\\/wp-content\\\/uploads\\\/2024\\\/01\\\/Iiro_Aarnikoivu.jpg\",\"contentUrl\":\"https:\\\/\\\/brandkind.fi\\\/wp-content\\\/uploads\\\/2024\\\/01\\\/Iiro_Aarnikoivu.jpg\",\"width\":1920,\"height\":1080},{\"@type\":\"BreadcrumbList\",\"@id\":\"https:\\\/\\\/brandkind.fi\\\/fi\\\/uutiset\\\/iiro-aarnikoivu-on-nimitetty-brandkindin-uudeksi-asiakkuusjohtajaksi\\\/#breadcrumb\",\"itemListElement\":[{\"@type\":\"ListItem\",\"position\":1,\"name\":\"Home\",\"item\":\"https:\\\/\\\/brandkind.fi\\\/fi\\\/\"},{\"@type\":\"ListItem\",\"position\":2,\"name\":\"Iiro Aarnikoivu on nimitetty Brandkindin uudeksi asiakkuusjohtajaksi\"}]},{\"@type\":\"WebSite\",\"@id\":\"https:\\\/\\\/brandkind.fi\\\/#website\",\"url\":\"https:\\\/\\\/brandkind.fi\\\/\",\"name\":\"Brandkind\",\"description\":\"\",\"publisher\":{\"@id\":\"https:\\\/\\\/brandkind.fi\\\/#organization\"},\"potentialAction\":[{\"@type\":\"SearchAction\",\"target\":{\"@type\":\"EntryPoint\",\"urlTemplate\":\"https:\\\/\\\/brandkind.fi\\\/?s={search_term_string}\"},\"query-input\":{\"@type\":\"PropertyValueSpecification\",\"valueRequired\":true,\"valueName\":\"search_term_string\"}}],\"inLanguage\":\"fi\"},{\"@type\":\"Organization\",\"@id\":\"https:\\\/\\\/brandkind.fi\\\/#organization\",\"name\":\"Brandkind\",\"alternateName\":\"Brandkind\",\"url\":\"https:\\\/\\\/brandkind.fi\\\/\",\"logo\":{\"@type\":\"ImageObject\",\"inLanguage\":\"fi\",\"@id\":\"https:\\\/\\\/brandkind.fi\\\/#\\\/schema\\\/logo\\\/image\\\/\",\"url\":\"https:\\\/\\\/brandkind.fi\\\/wp-content\\\/uploads\\\/2023\\\/11\\\/Brandkind-logo-1.png\",\"contentUrl\":\"https:\\\/\\\/brandkind.fi\\\/wp-content\\\/uploads\\\/2023\\\/11\\\/Brandkind-logo-1.png\",\"width\":1680,\"height\":251,\"caption\":\"Brandkind\"},\"image\":{\"@id\":\"https:\\\/\\\/brandkind.fi\\\/#\\\/schema\\\/logo\\\/image\\\/\"},\"sameAs\":[\"https:\\\/\\\/www.facebook.com\\\/brandkind\\\/\",\"https:\\\/\\\/linkedin.com\\\/company\\\/brandkind\"]},{\"@type\":\"Person\",\"@id\":\"https:\\\/\\\/brandkind.fi\\\/#\\\/schema\\\/person\\\/d5e7e3d0a737509cfe5ddac86a8bbbca\",\"name\":\"BK-yllapito\",\"image\":{\"@type\":\"ImageObject\",\"inLanguage\":\"fi\",\"@id\":\"https:\\\/\\\/secure.gravatar.com\\\/avatar\\\/1f057a9f3f4223dda5af82432c4665f4d7f9d2e8fdebbf0810ba332213d434bf?s=96&d=mm&r=g\",\"url\":\"https:\\\/\\\/secure.gravatar.com\\\/avatar\\\/1f057a9f3f4223dda5af82432c4665f4d7f9d2e8fdebbf0810ba332213d434bf?s=96&d=mm&r=g\",\"contentUrl\":\"https:\\\/\\\/secure.gravatar.com\\\/avatar\\\/1f057a9f3f4223dda5af82432c4665f4d7f9d2e8fdebbf0810ba332213d434bf?s=96&d=mm&r=g\",\"caption\":\"BK-yllapito\"},\"sameAs\":[\"https:\\\/\\\/brandkind.fi\"]}]}<\/script>\n<!-- \/ Yoast SEO plugin. -->","yoast_head_json":{"title":"Iiro Aarnikoivu on nimitetty uudeksi asiakkuusjohtajaksemme","description":"Monikanavaisen markkinoinnin ammattilainen vahvistaa Brandkindin globaalin br\u00e4ndimarkkinoinnin osaamista ja projektihallintaa.","robots":{"index":"index","follow":"follow","max-snippet":"max-snippet:-1","max-image-preview":"max-image-preview:large","max-video-preview":"max-video-preview:-1"},"canonical":"https:\/\/brandkind.fi\/fi\/uutiset\/iiro-aarnikoivu-on-nimitetty-brandkindin-uudeksi-asiakkuusjohtajaksi\/","og_locale":"fi_FI","og_type":"article","og_title":"Iiro Aarnikoivu on nimitetty uudeksi asiakkuusjohtajaksemme","og_description":"Monikanavaisen markkinoinnin ammattilainen vahvistaa Brandkindin globaalin br\u00e4ndimarkkinoinnin osaamista ja projektihallintaa.","og_url":"https:\/\/brandkind.fi\/fi\/uutiset\/iiro-aarnikoivu-on-nimitetty-brandkindin-uudeksi-asiakkuusjohtajaksi\/","og_site_name":"Brandkind","article_publisher":"https:\/\/www.facebook.com\/brandkind\/","article_published_time":"2024-01-30T13:24:54+00:00","article_modified_time":"2025-01-28T09:15:56+00:00","og_image":[{"width":1920,"height":1080,"url":"https:\/\/brandkind.fi\/wp-content\/uploads\/2024\/01\/Iiro_Aarnikoivu.jpg","type":"image\/jpeg"}],"author":"BK-yllapito","twitter_card":"summary_large_image","twitter_misc":{"Kirjoittanut":"BK-yllapito","Arvioitu lukuaika":"2 minuuttia"},"schema":{"@context":"https:\/\/schema.org","@graph":[{"@type":"Article","@id":"https:\/\/brandkind.fi\/fi\/uutiset\/iiro-aarnikoivu-on-nimitetty-brandkindin-uudeksi-asiakkuusjohtajaksi\/#article","isPartOf":{"@id":"https:\/\/brandkind.fi\/fi\/uutiset\/iiro-aarnikoivu-on-nimitetty-brandkindin-uudeksi-asiakkuusjohtajaksi\/"},"author":{"name":"BK-yllapito","@id":"https:\/\/brandkind.fi\/#\/schema\/person\/d5e7e3d0a737509cfe5ddac86a8bbbca"},"headline":"Iiro Aarnikoivu on nimitetty Brandkindin uudeksi asiakkuusjohtajaksi","datePublished":"2024-01-30T13:24:54+00:00","dateModified":"2025-01-28T09:15:56+00:00","mainEntityOfPage":{"@id":"https:\/\/brandkind.fi\/fi\/uutiset\/iiro-aarnikoivu-on-nimitetty-brandkindin-uudeksi-asiakkuusjohtajaksi\/"},"wordCount":234,"publisher":{"@id":"https:\/\/brandkind.fi\/#organization"},"image":{"@id":"https:\/\/brandkind.fi\/fi\/uutiset\/iiro-aarnikoivu-on-nimitetty-brandkindin-uudeksi-asiakkuusjohtajaksi\/#primaryimage"},"thumbnailUrl":"https:\/\/brandkind.fi\/wp-content\/uploads\/2024\/01\/Iiro_Aarnikoivu.jpg","articleSection":["Uutiset"],"inLanguage":"fi"},{"@type":"WebPage","@id":"https:\/\/brandkind.fi\/fi\/uutiset\/iiro-aarnikoivu-on-nimitetty-brandkindin-uudeksi-asiakkuusjohtajaksi\/","url":"https:\/\/brandkind.fi\/fi\/uutiset\/iiro-aarnikoivu-on-nimitetty-brandkindin-uudeksi-asiakkuusjohtajaksi\/","name":"Iiro Aarnikoivu on nimitetty uudeksi asiakkuusjohtajaksemme","isPartOf":{"@id":"https:\/\/brandkind.fi\/#website"},"primaryImageOfPage":{"@id":"https:\/\/brandkind.fi\/fi\/uutiset\/iiro-aarnikoivu-on-nimitetty-brandkindin-uudeksi-asiakkuusjohtajaksi\/#primaryimage"},"image":{"@id":"https:\/\/brandkind.fi\/fi\/uutiset\/iiro-aarnikoivu-on-nimitetty-brandkindin-uudeksi-asiakkuusjohtajaksi\/#primaryimage"},"thumbnailUrl":"https:\/\/brandkind.fi\/wp-content\/uploads\/2024\/01\/Iiro_Aarnikoivu.jpg","datePublished":"2024-01-30T13:24:54+00:00","dateModified":"2025-01-28T09:15:56+00:00","description":"Monikanavaisen markkinoinnin ammattilainen vahvistaa Brandkindin globaalin br\u00e4ndimarkkinoinnin osaamista ja projektihallintaa.","breadcrumb":{"@id":"https:\/\/brandkind.fi\/fi\/uutiset\/iiro-aarnikoivu-on-nimitetty-brandkindin-uudeksi-asiakkuusjohtajaksi\/#breadcrumb"},"inLanguage":"fi","potentialAction":[{"@type":"ReadAction","target":["https:\/\/brandkind.fi\/fi\/uutiset\/iiro-aarnikoivu-on-nimitetty-brandkindin-uudeksi-asiakkuusjohtajaksi\/"]}]},{"@type":"ImageObject","inLanguage":"fi","@id":"https:\/\/brandkind.fi\/fi\/uutiset\/iiro-aarnikoivu-on-nimitetty-brandkindin-uudeksi-asiakkuusjohtajaksi\/#primaryimage","url":"https:\/\/brandkind.fi\/wp-content\/uploads\/2024\/01\/Iiro_Aarnikoivu.jpg","contentUrl":"https:\/\/brandkind.fi\/wp-content\/uploads\/2024\/01\/Iiro_Aarnikoivu.jpg","width":1920,"height":1080},{"@type":"BreadcrumbList","@id":"https:\/\/brandkind.fi\/fi\/uutiset\/iiro-aarnikoivu-on-nimitetty-brandkindin-uudeksi-asiakkuusjohtajaksi\/#breadcrumb","itemListElement":[{"@type":"ListItem","position":1,"name":"Home","item":"https:\/\/brandkind.fi\/fi\/"},{"@type":"ListItem","position":2,"name":"Iiro Aarnikoivu on nimitetty Brandkindin uudeksi asiakkuusjohtajaksi"}]},{"@type":"WebSite","@id":"https:\/\/brandkind.fi\/#website","url":"https:\/\/brandkind.fi\/","name":"Brandkind","description":"","publisher":{"@id":"https:\/\/brandkind.fi\/#organization"},"potentialAction":[{"@type":"SearchAction","target":{"@type":"EntryPoint","urlTemplate":"https:\/\/brandkind.fi\/?s={search_term_string}"},"query-input":{"@type":"PropertyValueSpecification","valueRequired":true,"valueName":"search_term_string"}}],"inLanguage":"fi"},{"@type":"Organization","@id":"https:\/\/brandkind.fi\/#organization","name":"Brandkind","alternateName":"Brandkind","url":"https:\/\/brandkind.fi\/","logo":{"@type":"ImageObject","inLanguage":"fi","@id":"https:\/\/brandkind.fi\/#\/schema\/logo\/image\/","url":"https:\/\/brandkind.fi\/wp-content\/uploads\/2023\/11\/Brandkind-logo-1.png","contentUrl":"https:\/\/brandkind.fi\/wp-content\/uploads\/2023\/11\/Brandkind-logo-1.png","width":1680,"height":251,"caption":"Brandkind"},"image":{"@id":"https:\/\/brandkind.fi\/#\/schema\/logo\/image\/"},"sameAs":["https:\/\/www.facebook.com\/brandkind\/","https:\/\/linkedin.com\/company\/brandkind"]},{"@type":"Person","@id":"https:\/\/brandkind.fi\/#\/schema\/person\/d5e7e3d0a737509cfe5ddac86a8bbbca","name":"BK-yllapito","image":{"@type":"ImageObject","inLanguage":"fi","@id":"https:\/\/secure.gravatar.com\/avatar\/1f057a9f3f4223dda5af82432c4665f4d7f9d2e8fdebbf0810ba332213d434bf?s=96&d=mm&r=g","url":"https:\/\/secure.gravatar.com\/avatar\/1f057a9f3f4223dda5af82432c4665f4d7f9d2e8fdebbf0810ba332213d434bf?s=96&d=mm&r=g","contentUrl":"https:\/\/secure.gravatar.com\/avatar\/1f057a9f3f4223dda5af82432c4665f4d7f9d2e8fdebbf0810ba332213d434bf?s=96&d=mm&r=g","caption":"BK-yllapito"},"sameAs":["https:\/\/brandkind.fi"]}]}},"_links":{"self":[{"href":"https:\/\/brandkind.fi\/fi\/wp-json\/wp\/v2\/posts\/5119","targetHints":{"allow":["GET"]}}],"collection":[{"href":"https:\/\/brandkind.fi\/fi\/wp-json\/wp\/v2\/posts"}],"about":[{"href":"https:\/\/brandkind.fi\/fi\/wp-json\/wp\/v2\/types\/post"}],"author":[{"embeddable":true,"href":"https:\/\/brandkind.fi\/fi\/wp-json\/wp\/v2\/users\/1"}],"replies":[{"embeddable":true,"href":"https:\/\/brandkind.fi\/fi\/wp-json\/wp\/v2\/comments?post=5119"}],"version-history":[{"count":3,"href":"https:\/\/brandkind.fi\/fi\/wp-json\/wp\/v2\/posts\/5119\/revisions"}],"predecessor-version":[{"id":5370,"href":"https:\/\/brandkind.fi\/fi\/wp-json\/wp\/v2\/posts\/5119\/revisions\/5370"}],"wp:featuredmedia":[{"embeddable":true,"href":"https:\/\/brandkind.fi\/fi\/wp-json\/wp\/v2\/media\/4735"}],"wp:attachment":[{"href":"https:\/\/brandkind.fi\/fi\/wp-json\/wp\/v2\/media?parent=5119"}],"wp:term":[{"taxonomy":"category","embeddable":true,"href":"https:\/\/brandkind.fi\/fi\/wp-json\/wp\/v2\/categories?post=5119"},{"taxonomy":"post_tag","embeddable":true,"href":"https:\/\/brandkind.fi\/fi\/wp-json\/wp\/v2\/tags?post=5119"}],"curies":[{"name":"wp","href":"https:\/\/api.w.org\/{rel}","templated":true}]}}