{"id":5117,"date":"2024-02-20T08:49:12","date_gmt":"2024-02-20T08:49:12","guid":{"rendered":"https:\/\/brandkind.fi\/uncategorized-fi\/brandkind-people-anu-tirkkonen\/"},"modified":"2024-10-10T06:53:24","modified_gmt":"2024-10-10T06:53:24","slug":"brandkind-people-anu-tirkkonen","status":"publish","type":"post","link":"https:\/\/brandkind.fi\/fi\/me\/brandkind-people-anu-tirkkonen\/","title":{"rendered":"Brandkind people: Anu Tirkkonen"},"content":{"rendered":"\n<h2 class=\"wp-block-heading\">Luova visualisti<\/h2>\n\n<p>&#8221;Yhteiset arvot ovat t\u00e4rkeit\u00e4 erityisesti globaaleille yrityksille. Siksi konseptointi on todella t\u00e4rke\u00e4\u00e4 v\u00e4litett\u00e4ess\u00e4 arvoja sis\u00e4isesti koko henkil\u00f6st\u00f6lle&#8221;, Anu sanoo. H\u00e4n on ty\u00f6skennellyt B2B-markkinoinnin parissa l\u00e4hes koko ty\u00f6ik\u00e4ns\u00e4, ja Brandkindill\u00e4 h\u00e4n on erikoistunut br\u00e4nd\u00e4ykseen ja sis\u00e4iseen viestint\u00e4\u00e4n. &#8221;Teht\u00e4v\u00e4ni on visualisoida viestit, mutta en koskaan yksin \u2013 t\u00e4m\u00e4 on aina tiimity\u00f6t\u00e4&#8221;, h\u00e4n sanoo vaatimattomasti.<\/p>\n\n<h2 class=\"wp-block-heading\">Monta viesti\u00e4 yhdess\u00e4<\/h2>\n\n<p>Visuaalisuus on tietysti olennainen osa viestint\u00e4\u00e4, johon koko konsepti tai br\u00e4ndi voi nojata. \u201dSanojen ja kuvien ty\u00f6st\u00e4mistapa luovana konseptina tuovat vaikuttavuutta. T\u00e4m\u00e4 p\u00e4tee erityisesti teknisill\u00e4 aloilla, miss\u00e4 informaatio ja prosessit voidaan esitt\u00e4\u00e4 selke\u00e4mmin graafisesti.&#8221;<\/p>\n\n<p><span class=\"TextRun SCXW244501999 BCX0\" data-contrast=\"auto\"><span class=\"NormalTextRun SCXW244501999 BCX0\">Anua kiinnostaa erityisesti yhten\u00e4inen<\/span><\/span><span class=\"TextRun SCXW244501999 BCX0\" lang=\"FI-FI\" xml:lang=\"FI-FI\" data-contrast=\"auto\"><span class=\"NormalTextRun SCXW244501999 BCX0\">, tehokas<\/span><\/span><span class=\"TextRun SCXW244501999 BCX0\" data-contrast=\"auto\"><span class=\"NormalTextRun SCXW244501999 BCX0\"> viestint\u00e4, joka on vahvasti tunnistettavissa ja <\/span><\/span><span class=\"TextRun SCXW244501999 BCX0\" lang=\"FI-FI\" xml:lang=\"FI-FI\" data-contrast=\"auto\"><span class=\"NormalTextRun SCXW244501999 BCX0\">l\u00e4sn\u00e4 <\/span><\/span><span class=\"TextRun SCXW244501999 BCX0\" data-contrast=\"auto\"><span class=\"NormalTextRun SCXW244501999 BCX0\">k<\/span><\/span><span class=\"TextRun SCXW244501999 BCX0\" lang=\"FI-FI\" xml:lang=\"FI-FI\" data-contrast=\"auto\"><span class=\"NormalTextRun SpellingErrorV2Themed SCXW244501999 BCX0\">aikissa<\/span><\/span><span class=\"TextRun SCXW244501999 BCX0\" data-contrast=\"auto\"><span class=\"NormalTextRun SCXW244501999 BCX0\"> kampanja<\/span><\/span><span class=\"TextRun SCXW244501999 BCX0\" lang=\"FI-FI\" xml:lang=\"FI-FI\" data-contrast=\"auto\"><span class=\"NormalTextRun SCXW244501999 BCX0\">n <\/span><span class=\"NormalTextRun SCXW244501999 BCX0\">elementeiss\u00e4<\/span><\/span><span class=\"TextRun SCXW244501999 BCX0\" data-contrast=\"auto\"><span class=\"NormalTextRun SCXW244501999 BCX0\">. &#8221;Konseptisuunnittelu ja visualisointi ovat br\u00e4ndinhallinnassa avainasemassa. On t\u00e4rke\u00e4\u00e4, ett\u00e4 br\u00e4ndin ulkoasu on yhten\u00e4inen. Tuemme asiakkaitamme t\u00e4ss\u00e4 kumppaneidemme, kuten<\/span><\/span>\u00a0<a href=\"https:\/\/brandkind.fi\/blogs-fi\/f-niin-kuin-frontify\/?lang=fi\">Frontifyn<\/a>, kanssa.\u201d<\/p>\n\n<p>Viime k\u00e4dess\u00e4 Anun mielest\u00e4 asiakkaan ymm\u00e4rt\u00e4minen ja yhdess\u00e4 kasvaminen ovat paras tapa luoda tehokkaita sis\u00e4lt\u00f6j\u00e4. &#8221;Olen ollut eritt\u00e4in onnekas, koska olen saanut ty\u00f6skennell\u00e4 br\u00e4ndien kanssa, joilla on jo pitk\u00e4 historia. On ollut hienoa olla mukana rakentamassa heid\u00e4n tulevaisuuttaan. Br\u00e4ndin on oltava riitt\u00e4v\u00e4n joustava, jotta s\u00e4ilyy kiinnostavana ja ehe\u00e4n\u00e4 muuttuvassa maailmassa.&#8221;<\/p>\n\n<h2 class=\"wp-block-heading\">Inspiraation ymp\u00e4r\u00f6im\u00e4<\/h2>\n\n<p>Anun kuivaa huumorintajua ja hyv\u00e4ntuulisuutta arvostetaan Brandkindilla. Kokeneen visualistin puoleen kannattaa k\u00e4\u00e4nty\u00e4, jos on jumissa ty\u00f6teht\u00e4v\u00e4ss\u00e4 tai tarvitsee skarppia n\u00e4kemyst\u00e4. H\u00e4nell\u00e4 on taito luoda yhteys yleis\u00f6n mielentilaan ja vastata heid\u00e4n tarpeisiinsa.<\/p>\n\n<p>Kuten kaikki parhaat luovan ty\u00f6n tekij\u00e4t, Anu saa inspiraatiota eri l\u00e4hteist\u00e4, jotka yhdistyv\u00e4t kokonaisvaltaiseksi ajattelutavaksi. H\u00e4nen luovuutensa keskeinen ajuri on meit\u00e4 ymp\u00e4r\u00f6iv\u00e4 elinymp\u00e4rist\u00f6 ja arkkitehtuuri. Kaupunkisuunnittelu ja urbaanit ymp\u00e4rist\u00f6t ovat l\u00e4hell\u00e4 h\u00e4nen syd\u00e4nt\u00e4\u00e4n.  &#13;\n&#13;\n&#8221;Meid\u00e4n pit\u00e4isi mietti\u00e4, miten haluamme el\u00e4\u00e4 ja miten rakennamme meille hyv\u00e4n elinymp\u00e4rist\u00f6n\u201d, Anu sanoo. \u201dSamalla tavalla meid\u00e4n on ymm\u00e4rrett\u00e4v\u00e4 yleis\u00f6mme arkiymp\u00e4rist\u00f6\u00e4, jotta voimme koskettaa heid\u00e4n tunteitaan.\u201d<\/p>\n","protected":false},"excerpt":{"rendered":"<p>Luova visualisti &#8221;Yhteiset arvot ovat t\u00e4rkeit\u00e4 erityisesti globaaleille yrityksille. Siksi konseptointi on todella t\u00e4rke\u00e4\u00e4 v\u00e4litett\u00e4ess\u00e4 arvoja sis\u00e4isesti koko henkil\u00f6st\u00f6lle&#8221;, Anu sanoo. H\u00e4n on ty\u00f6skennellyt B2B-markkinoinnin parissa l\u00e4hes koko ty\u00f6ik\u00e4ns\u00e4, ja Brandkindill\u00e4 h\u00e4n on erikoistunut br\u00e4nd\u00e4ykseen ja sis\u00e4iseen viestint\u00e4\u00e4n. &#8221;Teht\u00e4v\u00e4ni on visualisoida viestit, mutta en koskaan yksin \u2013 t\u00e4m\u00e4 on aina tiimity\u00f6t\u00e4&#8221;, h\u00e4n sanoo vaatimattomasti. Monta [&#8230;]<\/p>\n<p><a class=\"btn btn-secondary understrap-read-more-link\" href=\"https:\/\/brandkind.fi\/fi\/me\/brandkind-people-anu-tirkkonen\/\">Lue lis\u00e4\u00e4&#8230;<span class=\"screen-reader-text\"> from Brandkind people: Anu Tirkkonen<\/span><\/a><\/p>\n","protected":false},"author":1,"featured_media":4743,"comment_status":"closed","ping_status":"open","sticky":false,"template":"","format":"standard","meta":{"_improvement_type_select":"improve_an_existing","_thumb_yes_seoaic":false,"_frame_yes_seoaic":false,"seoaic_generate_description":"","seoaic_improve_instructions_prompt":"","seoaic_rollback_content_improvement":"","seoaic_idea_thumbnail_generator":"","thumbnail_generated":false,"thumbnail_generate_prompt":"","seoaic_article_description":"","_monsterinsights_skip_tracking":false,"_monsterinsights_sitenote_active":false,"_monsterinsights_sitenote_note":"","_monsterinsights_sitenote_category":0,"seoaic_article_subtitles":[],"footnotes":""},"categories":[45],"tags":[],"class_list":["post-5117","post","type-post","status-publish","format-standard","has-post-thumbnail","hentry","category-me"],"acf":[],"yoast_head":"<!-- This site is optimized with the Yoast SEO plugin v27.5 - https:\/\/yoast.com\/product\/yoast-seo-wordpress\/ -->\n<title>Brandkind people: Anu Tirkkonen &#8211; Brandkind<\/title>\n<meta name=\"description\" content=\"Br\u00e4ndien ja konseptisuunnittelun mestari, visual creative Anu inspiroituu ymp\u00e4rist\u00f6st\u00e4 ja kaupunkisuunnittelusta. H\u00e4n tuo tunteet mukaan B2B-markkinointiin, kunhan ne palvelevat asiakkaiden br\u00e4ndi\u00e4 ja arvoja.\" \/>\n<meta name=\"robots\" content=\"index, follow, max-snippet:-1, max-image-preview:large, max-video-preview:-1\" \/>\n<link rel=\"canonical\" href=\"https:\/\/brandkind.fi\/fi\/me\/brandkind-people-anu-tirkkonen\/\" \/>\n<meta property=\"og:locale\" content=\"fi_FI\" \/>\n<meta property=\"og:type\" content=\"article\" \/>\n<meta property=\"og:title\" content=\"Brandkind people: Anu Tirkkonen &#8211; Brandkind\" \/>\n<meta property=\"og:description\" content=\"Br\u00e4ndien ja konseptisuunnittelun mestari, visual creative Anu inspiroituu ymp\u00e4rist\u00f6st\u00e4 ja kaupunkisuunnittelusta. H\u00e4n tuo tunteet mukaan B2B-markkinointiin, kunhan ne palvelevat asiakkaiden br\u00e4ndi\u00e4 ja arvoja.\" \/>\n<meta property=\"og:url\" content=\"https:\/\/brandkind.fi\/fi\/me\/brandkind-people-anu-tirkkonen\/\" \/>\n<meta property=\"og:site_name\" content=\"Brandkind\" \/>\n<meta property=\"article:publisher\" content=\"https:\/\/www.facebook.com\/brandkind\/\" \/>\n<meta property=\"article:published_time\" content=\"2024-02-20T08:49:12+00:00\" \/>\n<meta property=\"article:modified_time\" content=\"2024-10-10T06:53:24+00:00\" \/>\n<meta property=\"og:image\" content=\"https:\/\/brandkind.fi\/wp-content\/uploads\/2024\/02\/Brandkind_AnuTirkkonen.jpg\" \/>\n\t<meta property=\"og:image:width\" content=\"1920\" \/>\n\t<meta property=\"og:image:height\" content=\"1080\" \/>\n\t<meta property=\"og:image:type\" content=\"image\/jpeg\" \/>\n<meta name=\"author\" content=\"BK-yllapito\" \/>\n<meta name=\"twitter:card\" content=\"summary_large_image\" \/>\n<meta name=\"twitter:label1\" content=\"Kirjoittanut\" \/>\n\t<meta name=\"twitter:data1\" content=\"BK-yllapito\" \/>\n\t<meta name=\"twitter:label2\" content=\"Arvioitu lukuaika\" \/>\n\t<meta name=\"twitter:data2\" content=\"2 minuuttia\" \/>\n<script type=\"application\/ld+json\" class=\"yoast-schema-graph\">{\"@context\":\"https:\\\/\\\/schema.org\",\"@graph\":[{\"@type\":\"Article\",\"@id\":\"https:\\\/\\\/brandkind.fi\\\/fi\\\/me\\\/brandkind-people-anu-tirkkonen\\\/#article\",\"isPartOf\":{\"@id\":\"https:\\\/\\\/brandkind.fi\\\/fi\\\/me\\\/brandkind-people-anu-tirkkonen\\\/\"},\"author\":{\"name\":\"BK-yllapito\",\"@id\":\"https:\\\/\\\/brandkind.fi\\\/#\\\/schema\\\/person\\\/d5e7e3d0a737509cfe5ddac86a8bbbca\"},\"headline\":\"Brandkind people: Anu Tirkkonen\",\"datePublished\":\"2024-02-20T08:49:12+00:00\",\"dateModified\":\"2024-10-10T06:53:24+00:00\",\"mainEntityOfPage\":{\"@id\":\"https:\\\/\\\/brandkind.fi\\\/fi\\\/me\\\/brandkind-people-anu-tirkkonen\\\/\"},\"wordCount\":359,\"publisher\":{\"@id\":\"https:\\\/\\\/brandkind.fi\\\/#organization\"},\"image\":{\"@id\":\"https:\\\/\\\/brandkind.fi\\\/fi\\\/me\\\/brandkind-people-anu-tirkkonen\\\/#primaryimage\"},\"thumbnailUrl\":\"https:\\\/\\\/brandkind.fi\\\/wp-content\\\/uploads\\\/2024\\\/02\\\/Brandkind_AnuTirkkonen.jpg\",\"articleSection\":[\"Me\"],\"inLanguage\":\"fi\"},{\"@type\":\"WebPage\",\"@id\":\"https:\\\/\\\/brandkind.fi\\\/fi\\\/me\\\/brandkind-people-anu-tirkkonen\\\/\",\"url\":\"https:\\\/\\\/brandkind.fi\\\/fi\\\/me\\\/brandkind-people-anu-tirkkonen\\\/\",\"name\":\"Brandkind people: Anu Tirkkonen &#8211; Brandkind\",\"isPartOf\":{\"@id\":\"https:\\\/\\\/brandkind.fi\\\/#website\"},\"primaryImageOfPage\":{\"@id\":\"https:\\\/\\\/brandkind.fi\\\/fi\\\/me\\\/brandkind-people-anu-tirkkonen\\\/#primaryimage\"},\"image\":{\"@id\":\"https:\\\/\\\/brandkind.fi\\\/fi\\\/me\\\/brandkind-people-anu-tirkkonen\\\/#primaryimage\"},\"thumbnailUrl\":\"https:\\\/\\\/brandkind.fi\\\/wp-content\\\/uploads\\\/2024\\\/02\\\/Brandkind_AnuTirkkonen.jpg\",\"datePublished\":\"2024-02-20T08:49:12+00:00\",\"dateModified\":\"2024-10-10T06:53:24+00:00\",\"description\":\"Br\u00e4ndien ja konseptisuunnittelun mestari, visual creative Anu inspiroituu ymp\u00e4rist\u00f6st\u00e4 ja kaupunkisuunnittelusta. H\u00e4n tuo tunteet mukaan B2B-markkinointiin, kunhan ne palvelevat asiakkaiden br\u00e4ndi\u00e4 ja arvoja.\",\"breadcrumb\":{\"@id\":\"https:\\\/\\\/brandkind.fi\\\/fi\\\/me\\\/brandkind-people-anu-tirkkonen\\\/#breadcrumb\"},\"inLanguage\":\"fi\",\"potentialAction\":[{\"@type\":\"ReadAction\",\"target\":[\"https:\\\/\\\/brandkind.fi\\\/fi\\\/me\\\/brandkind-people-anu-tirkkonen\\\/\"]}]},{\"@type\":\"ImageObject\",\"inLanguage\":\"fi\",\"@id\":\"https:\\\/\\\/brandkind.fi\\\/fi\\\/me\\\/brandkind-people-anu-tirkkonen\\\/#primaryimage\",\"url\":\"https:\\\/\\\/brandkind.fi\\\/wp-content\\\/uploads\\\/2024\\\/02\\\/Brandkind_AnuTirkkonen.jpg\",\"contentUrl\":\"https:\\\/\\\/brandkind.fi\\\/wp-content\\\/uploads\\\/2024\\\/02\\\/Brandkind_AnuTirkkonen.jpg\",\"width\":1920,\"height\":1080},{\"@type\":\"BreadcrumbList\",\"@id\":\"https:\\\/\\\/brandkind.fi\\\/fi\\\/me\\\/brandkind-people-anu-tirkkonen\\\/#breadcrumb\",\"itemListElement\":[{\"@type\":\"ListItem\",\"position\":1,\"name\":\"Home\",\"item\":\"https:\\\/\\\/brandkind.fi\\\/fi\\\/\"},{\"@type\":\"ListItem\",\"position\":2,\"name\":\"Brandkind people: Anu Tirkkonen\"}]},{\"@type\":\"WebSite\",\"@id\":\"https:\\\/\\\/brandkind.fi\\\/#website\",\"url\":\"https:\\\/\\\/brandkind.fi\\\/\",\"name\":\"Brandkind\",\"description\":\"\",\"publisher\":{\"@id\":\"https:\\\/\\\/brandkind.fi\\\/#organization\"},\"potentialAction\":[{\"@type\":\"SearchAction\",\"target\":{\"@type\":\"EntryPoint\",\"urlTemplate\":\"https:\\\/\\\/brandkind.fi\\\/?s={search_term_string}\"},\"query-input\":{\"@type\":\"PropertyValueSpecification\",\"valueRequired\":true,\"valueName\":\"search_term_string\"}}],\"inLanguage\":\"fi\"},{\"@type\":\"Organization\",\"@id\":\"https:\\\/\\\/brandkind.fi\\\/#organization\",\"name\":\"Brandkind\",\"alternateName\":\"Brandkind\",\"url\":\"https:\\\/\\\/brandkind.fi\\\/\",\"logo\":{\"@type\":\"ImageObject\",\"inLanguage\":\"fi\",\"@id\":\"https:\\\/\\\/brandkind.fi\\\/#\\\/schema\\\/logo\\\/image\\\/\",\"url\":\"https:\\\/\\\/brandkind.fi\\\/wp-content\\\/uploads\\\/2023\\\/11\\\/Brandkind-logo-1.png\",\"contentUrl\":\"https:\\\/\\\/brandkind.fi\\\/wp-content\\\/uploads\\\/2023\\\/11\\\/Brandkind-logo-1.png\",\"width\":1680,\"height\":251,\"caption\":\"Brandkind\"},\"image\":{\"@id\":\"https:\\\/\\\/brandkind.fi\\\/#\\\/schema\\\/logo\\\/image\\\/\"},\"sameAs\":[\"https:\\\/\\\/www.facebook.com\\\/brandkind\\\/\",\"https:\\\/\\\/linkedin.com\\\/company\\\/brandkind\"]},{\"@type\":\"Person\",\"@id\":\"https:\\\/\\\/brandkind.fi\\\/#\\\/schema\\\/person\\\/d5e7e3d0a737509cfe5ddac86a8bbbca\",\"name\":\"BK-yllapito\",\"image\":{\"@type\":\"ImageObject\",\"inLanguage\":\"fi\",\"@id\":\"https:\\\/\\\/secure.gravatar.com\\\/avatar\\\/1f057a9f3f4223dda5af82432c4665f4d7f9d2e8fdebbf0810ba332213d434bf?s=96&d=mm&r=g\",\"url\":\"https:\\\/\\\/secure.gravatar.com\\\/avatar\\\/1f057a9f3f4223dda5af82432c4665f4d7f9d2e8fdebbf0810ba332213d434bf?s=96&d=mm&r=g\",\"contentUrl\":\"https:\\\/\\\/secure.gravatar.com\\\/avatar\\\/1f057a9f3f4223dda5af82432c4665f4d7f9d2e8fdebbf0810ba332213d434bf?s=96&d=mm&r=g\",\"caption\":\"BK-yllapito\"},\"sameAs\":[\"https:\\\/\\\/brandkind.fi\"]}]}<\/script>\n<!-- \/ Yoast SEO plugin. -->","yoast_head_json":{"title":"Brandkind people: Anu Tirkkonen &#8211; Brandkind","description":"Br\u00e4ndien ja konseptisuunnittelun mestari, visual creative Anu inspiroituu ymp\u00e4rist\u00f6st\u00e4 ja kaupunkisuunnittelusta. H\u00e4n tuo tunteet mukaan B2B-markkinointiin, kunhan ne palvelevat asiakkaiden br\u00e4ndi\u00e4 ja arvoja.","robots":{"index":"index","follow":"follow","max-snippet":"max-snippet:-1","max-image-preview":"max-image-preview:large","max-video-preview":"max-video-preview:-1"},"canonical":"https:\/\/brandkind.fi\/fi\/me\/brandkind-people-anu-tirkkonen\/","og_locale":"fi_FI","og_type":"article","og_title":"Brandkind people: Anu Tirkkonen &#8211; Brandkind","og_description":"Br\u00e4ndien ja konseptisuunnittelun mestari, visual creative Anu inspiroituu ymp\u00e4rist\u00f6st\u00e4 ja kaupunkisuunnittelusta. H\u00e4n tuo tunteet mukaan B2B-markkinointiin, kunhan ne palvelevat asiakkaiden br\u00e4ndi\u00e4 ja arvoja.","og_url":"https:\/\/brandkind.fi\/fi\/me\/brandkind-people-anu-tirkkonen\/","og_site_name":"Brandkind","article_publisher":"https:\/\/www.facebook.com\/brandkind\/","article_published_time":"2024-02-20T08:49:12+00:00","article_modified_time":"2024-10-10T06:53:24+00:00","og_image":[{"width":1920,"height":1080,"url":"https:\/\/brandkind.fi\/wp-content\/uploads\/2024\/02\/Brandkind_AnuTirkkonen.jpg","type":"image\/jpeg"}],"author":"BK-yllapito","twitter_card":"summary_large_image","twitter_misc":{"Kirjoittanut":"BK-yllapito","Arvioitu lukuaika":"2 minuuttia"},"schema":{"@context":"https:\/\/schema.org","@graph":[{"@type":"Article","@id":"https:\/\/brandkind.fi\/fi\/me\/brandkind-people-anu-tirkkonen\/#article","isPartOf":{"@id":"https:\/\/brandkind.fi\/fi\/me\/brandkind-people-anu-tirkkonen\/"},"author":{"name":"BK-yllapito","@id":"https:\/\/brandkind.fi\/#\/schema\/person\/d5e7e3d0a737509cfe5ddac86a8bbbca"},"headline":"Brandkind people: Anu Tirkkonen","datePublished":"2024-02-20T08:49:12+00:00","dateModified":"2024-10-10T06:53:24+00:00","mainEntityOfPage":{"@id":"https:\/\/brandkind.fi\/fi\/me\/brandkind-people-anu-tirkkonen\/"},"wordCount":359,"publisher":{"@id":"https:\/\/brandkind.fi\/#organization"},"image":{"@id":"https:\/\/brandkind.fi\/fi\/me\/brandkind-people-anu-tirkkonen\/#primaryimage"},"thumbnailUrl":"https:\/\/brandkind.fi\/wp-content\/uploads\/2024\/02\/Brandkind_AnuTirkkonen.jpg","articleSection":["Me"],"inLanguage":"fi"},{"@type":"WebPage","@id":"https:\/\/brandkind.fi\/fi\/me\/brandkind-people-anu-tirkkonen\/","url":"https:\/\/brandkind.fi\/fi\/me\/brandkind-people-anu-tirkkonen\/","name":"Brandkind people: Anu Tirkkonen &#8211; Brandkind","isPartOf":{"@id":"https:\/\/brandkind.fi\/#website"},"primaryImageOfPage":{"@id":"https:\/\/brandkind.fi\/fi\/me\/brandkind-people-anu-tirkkonen\/#primaryimage"},"image":{"@id":"https:\/\/brandkind.fi\/fi\/me\/brandkind-people-anu-tirkkonen\/#primaryimage"},"thumbnailUrl":"https:\/\/brandkind.fi\/wp-content\/uploads\/2024\/02\/Brandkind_AnuTirkkonen.jpg","datePublished":"2024-02-20T08:49:12+00:00","dateModified":"2024-10-10T06:53:24+00:00","description":"Br\u00e4ndien ja konseptisuunnittelun mestari, visual creative Anu inspiroituu ymp\u00e4rist\u00f6st\u00e4 ja kaupunkisuunnittelusta. H\u00e4n tuo tunteet mukaan B2B-markkinointiin, kunhan ne palvelevat asiakkaiden br\u00e4ndi\u00e4 ja arvoja.","breadcrumb":{"@id":"https:\/\/brandkind.fi\/fi\/me\/brandkind-people-anu-tirkkonen\/#breadcrumb"},"inLanguage":"fi","potentialAction":[{"@type":"ReadAction","target":["https:\/\/brandkind.fi\/fi\/me\/brandkind-people-anu-tirkkonen\/"]}]},{"@type":"ImageObject","inLanguage":"fi","@id":"https:\/\/brandkind.fi\/fi\/me\/brandkind-people-anu-tirkkonen\/#primaryimage","url":"https:\/\/brandkind.fi\/wp-content\/uploads\/2024\/02\/Brandkind_AnuTirkkonen.jpg","contentUrl":"https:\/\/brandkind.fi\/wp-content\/uploads\/2024\/02\/Brandkind_AnuTirkkonen.jpg","width":1920,"height":1080},{"@type":"BreadcrumbList","@id":"https:\/\/brandkind.fi\/fi\/me\/brandkind-people-anu-tirkkonen\/#breadcrumb","itemListElement":[{"@type":"ListItem","position":1,"name":"Home","item":"https:\/\/brandkind.fi\/fi\/"},{"@type":"ListItem","position":2,"name":"Brandkind people: Anu Tirkkonen"}]},{"@type":"WebSite","@id":"https:\/\/brandkind.fi\/#website","url":"https:\/\/brandkind.fi\/","name":"Brandkind","description":"","publisher":{"@id":"https:\/\/brandkind.fi\/#organization"},"potentialAction":[{"@type":"SearchAction","target":{"@type":"EntryPoint","urlTemplate":"https:\/\/brandkind.fi\/?s={search_term_string}"},"query-input":{"@type":"PropertyValueSpecification","valueRequired":true,"valueName":"search_term_string"}}],"inLanguage":"fi"},{"@type":"Organization","@id":"https:\/\/brandkind.fi\/#organization","name":"Brandkind","alternateName":"Brandkind","url":"https:\/\/brandkind.fi\/","logo":{"@type":"ImageObject","inLanguage":"fi","@id":"https:\/\/brandkind.fi\/#\/schema\/logo\/image\/","url":"https:\/\/brandkind.fi\/wp-content\/uploads\/2023\/11\/Brandkind-logo-1.png","contentUrl":"https:\/\/brandkind.fi\/wp-content\/uploads\/2023\/11\/Brandkind-logo-1.png","width":1680,"height":251,"caption":"Brandkind"},"image":{"@id":"https:\/\/brandkind.fi\/#\/schema\/logo\/image\/"},"sameAs":["https:\/\/www.facebook.com\/brandkind\/","https:\/\/linkedin.com\/company\/brandkind"]},{"@type":"Person","@id":"https:\/\/brandkind.fi\/#\/schema\/person\/d5e7e3d0a737509cfe5ddac86a8bbbca","name":"BK-yllapito","image":{"@type":"ImageObject","inLanguage":"fi","@id":"https:\/\/secure.gravatar.com\/avatar\/1f057a9f3f4223dda5af82432c4665f4d7f9d2e8fdebbf0810ba332213d434bf?s=96&d=mm&r=g","url":"https:\/\/secure.gravatar.com\/avatar\/1f057a9f3f4223dda5af82432c4665f4d7f9d2e8fdebbf0810ba332213d434bf?s=96&d=mm&r=g","contentUrl":"https:\/\/secure.gravatar.com\/avatar\/1f057a9f3f4223dda5af82432c4665f4d7f9d2e8fdebbf0810ba332213d434bf?s=96&d=mm&r=g","caption":"BK-yllapito"},"sameAs":["https:\/\/brandkind.fi"]}]}},"_links":{"self":[{"href":"https:\/\/brandkind.fi\/fi\/wp-json\/wp\/v2\/posts\/5117","targetHints":{"allow":["GET"]}}],"collection":[{"href":"https:\/\/brandkind.fi\/fi\/wp-json\/wp\/v2\/posts"}],"about":[{"href":"https:\/\/brandkind.fi\/fi\/wp-json\/wp\/v2\/types\/post"}],"author":[{"embeddable":true,"href":"https:\/\/brandkind.fi\/fi\/wp-json\/wp\/v2\/users\/1"}],"replies":[{"embeddable":true,"href":"https:\/\/brandkind.fi\/fi\/wp-json\/wp\/v2\/comments?post=5117"}],"version-history":[{"count":4,"href":"https:\/\/brandkind.fi\/fi\/wp-json\/wp\/v2\/posts\/5117\/revisions"}],"predecessor-version":[{"id":5368,"href":"https:\/\/brandkind.fi\/fi\/wp-json\/wp\/v2\/posts\/5117\/revisions\/5368"}],"wp:featuredmedia":[{"embeddable":true,"href":"https:\/\/brandkind.fi\/fi\/wp-json\/wp\/v2\/media\/4743"}],"wp:attachment":[{"href":"https:\/\/brandkind.fi\/fi\/wp-json\/wp\/v2\/media?parent=5117"}],"wp:term":[{"taxonomy":"category","embeddable":true,"href":"https:\/\/brandkind.fi\/fi\/wp-json\/wp\/v2\/categories?post=5117"},{"taxonomy":"post_tag","embeddable":true,"href":"https:\/\/brandkind.fi\/fi\/wp-json\/wp\/v2\/tags?post=5117"}],"curies":[{"name":"wp","href":"https:\/\/api.w.org\/{rel}","templated":true}]}}