{"id":5111,"date":"2023-03-14T11:25:00","date_gmt":"2023-03-14T11:25:00","guid":{"rendered":"https:\/\/brandkind.fi\/uncategorized-fi\/brandkind-people-marika-ojamaki\/"},"modified":"2024-10-10T06:55:45","modified_gmt":"2024-10-10T06:55:45","slug":"brandkind-people-marika-ojamaki","status":"publish","type":"post","link":"https:\/\/brandkind.fi\/fi\/me\/brandkind-people-marika-ojamaki\/","title":{"rendered":"Brandkind People: Marika Ojam\u00e4ki"},"content":{"rendered":"\n<h2 class=\"wp-block-heading\">Marika \u2013 Kaikki. Kaikkialla. Kaikki kerralla. <\/h2>\n\n<div style=\"height:20px\" aria-hidden=\"true\" class=\"wp-block-spacer\"><\/div>\n\n<h3 class=\"wp-block-heading\">Kaikki<\/h3>\n\n<p>Jos sinulla on projekti tai kampanja, jossa on paljon liikkuvia osia, Marika on juuri oikea henkil\u00f6 tiimiisi. H\u00e4n pystyy k\u00e4sittelem\u00e4\u00e4n \u00e4\u00e4rett\u00f6m\u00e4n m\u00e4\u00e4r\u00e4n yksityiskohtia aika-avaruuden jatkumossa ja huikeassa m\u00e4\u00e4r\u00e4ss\u00e4 materiaaleja, toteutuksia ja media-alustoja. H\u00e4nell\u00e4 on harvinainen kyky sukeltaa syv\u00e4lle yksityiskohtiin menett\u00e4m\u00e4tt\u00e4 kokonaiskuvaa. &#8221;J\u00e4rjestys ja rakenne ovat t\u00e4rke\u00e4 osa luovuutta, varsinkin silloin kun sill\u00e4 on tavoitteita ja kaupallisia vaikuttimia&#8221;, Marika selitt\u00e4\u00e4.<\/p>\n\n<p>H\u00e4nen kiinnostuksensa visuaalisesti vaikuttaviin, yleis\u00f6\u00e4 puhutteleviin kuviin saattaa juontaa juurensa h\u00e4nen rakkaudestaan taiteeseen ja kulttuuriin. Silloin kun Marika ei ole t\u00f6iss\u00e4, h\u00e4net l\u00f6yt\u00e4\u00e4 varmimmin gallerian avajaisista, konsertista tai museon\u00e4yttelyst\u00e4. H\u00e4n ker\u00e4\u00e4 tietoa ja kokemuksia vahvistuakseen henkil\u00f6kohtaista ja ammatillistakin osaamistaan. H\u00e4n nauttii sek\u00e4 hiottujen br\u00e4ndi-identiteettien kehitt\u00e4misest\u00e4 ett\u00e4 vaikuttavien monikanavaisten mediakampanjoiden luomisesta. H\u00e4net tunnetaan my\u00f6s rakkaudestaan muotiin ja urheiluun (erityisesti j\u00e4\u00e4kiekkoon&#8230;ja Porin \u00c4ssiin).<\/p>\n\n<div style=\"height:20px\" aria-hidden=\"true\" class=\"wp-block-spacer\"><\/div>\n\n<h3 class=\"wp-block-heading\">Kaikkialla<\/h3>\n\n<p>Luovana ongelmanratkaisijana Marika on l\u00f6yt\u00e4nyt ainutlaatuisia tapoja l\u00f6yt\u00e4\u00e4 paikkansa maailmassa. H\u00e4n on kotoisin Porista &#8211; ja ylpe\u00e4 siit\u00e4 &#8211; mutta h\u00e4n asuu Turussa ja ty\u00f6skentelee Helsingiss\u00e4. T\u00e4llainen el\u00e4m\u00e4nmeno ei sovi useimmille ihmisille, mutta Marikalle maailma on avoinna. Pandemian aikana h\u00e4n suoritti sosiaalisen kokeilunsa olla samaan aikaan kaikkialla. Jos h\u00e4n ei ollut Turussa, Helsingiss\u00e4 tai Porissa, h\u00e4n osallistui usein kokouksiin Merikarvialla sijaitsevalta kes\u00e4m\u00f6kilt\u00e4\u00e4n. Siell\u00e4 h\u00e4n vuorotteli tietokoneella ty\u00f6skentelyn, tee-se-itse-projektien ja polttopuiden pilkkomisen v\u00e4lill\u00e4.<\/p>\n\n<p>Marikalle ilmiselv\u00e4t vastaukset ja hyv\u00e4ksytyt normit toimivat l\u00e4ht\u00f6kohtana luoville haasteille. H\u00e4n saa inspiraation usein ty\u00f6n ulkopuolella: parhaat ideat syntyv\u00e4t junassa ja ty\u00f6t\u00e4 voi tehd\u00e4 miss\u00e4 tahansa. &#8221;Ei kannata viel\u00e4 lopettaa ensimm\u00e4iseen hyv\u00e4\u00e4n ideaan, koska seuraava voi olla viel\u00e4 parempi&#8221;, Marika sanoo, ja kannustaa meit\u00e4 kaikkia katselemaan ymp\u00e4rillemme ennen lopullista p\u00e4\u00e4t\u00f6st\u00e4.<\/p>\n\n<div style=\"height:20px\" aria-hidden=\"true\" class=\"wp-block-spacer\"><\/div>\n\n<h3 class=\"wp-block-heading\">Kaikki kerralla<\/h3>\n\n<p>Marika on hyv\u00e4 esimerkki ihmisest\u00e4, jolla erilaisia yksityisi\u00e4 ja ammatillisia rooleja. H\u00e4n l\u00f6yt\u00e4\u00e4 kauneutta sek\u00e4 estetiikasta ett\u00e4 j\u00e4rjestyksest\u00e4. H\u00e4n tekee t\u00f6it\u00e4 idearikkailla aivoillaan ja mielikuvituksellaan, mutta h\u00e4n on my\u00f6s yht\u00e4 taitava k\u00e4sist\u00e4\u00e4n. H\u00e4n neuloo, maalaa, rakentaa ja korjaa \u2013 ihan mit\u00e4 vaan.<\/p>\n\n<p>Ne, jotka ovat joskus tavanneet Marikan, tiet\u00e4v\u00e4t ett\u00e4 h\u00e4n my\u00f6s kova puhumaan. Joten seuraavan kerran, kun t\u00f6rm\u00e4\u00e4t h\u00e4neen toimistollamme, gallerian avajaisissa tai musiikkifestivaaleilla, kuuntele hetki. Ja kas, inspiroidut katsomaan maailmaa eri n\u00e4k\u00f6kulmasta.<\/p>\n","protected":false},"excerpt":{"rendered":"<p>Marika \u2013 Kaikki. Kaikkialla. Kaikki kerralla. Kaikki Jos sinulla on projekti tai kampanja, jossa on paljon liikkuvia osia, Marika on juuri oikea henkil\u00f6 tiimiisi. H\u00e4n pystyy k\u00e4sittelem\u00e4\u00e4n \u00e4\u00e4rett\u00f6m\u00e4n m\u00e4\u00e4r\u00e4n yksityiskohtia aika-avaruuden jatkumossa ja huikeassa m\u00e4\u00e4r\u00e4ss\u00e4 materiaaleja, toteutuksia ja media-alustoja. H\u00e4nell\u00e4 on harvinainen kyky sukeltaa syv\u00e4lle yksityiskohtiin menett\u00e4m\u00e4tt\u00e4 kokonaiskuvaa. &#8221;J\u00e4rjestys ja rakenne ovat t\u00e4rke\u00e4 osa luovuutta, [&#8230;]<\/p>\n<p><a class=\"btn btn-secondary understrap-read-more-link\" href=\"https:\/\/brandkind.fi\/fi\/me\/brandkind-people-marika-ojamaki\/\">Lue lis\u00e4\u00e4&#8230;<span class=\"screen-reader-text\"> from Brandkind People: Marika Ojam\u00e4ki<\/span><\/a><\/p>\n","protected":false},"author":1,"featured_media":4764,"comment_status":"closed","ping_status":"closed","sticky":false,"template":"","format":"standard","meta":{"_improvement_type_select":"improve_an_existing","_thumb_yes_seoaic":false,"_frame_yes_seoaic":false,"seoaic_generate_description":"","seoaic_improve_instructions_prompt":"","seoaic_rollback_content_improvement":"","seoaic_idea_thumbnail_generator":"","thumbnail_generated":false,"thumbnail_generate_prompt":"","seoaic_article_description":"","_monsterinsights_skip_tracking":false,"_monsterinsights_sitenote_active":false,"_monsterinsights_sitenote_note":"","_monsterinsights_sitenote_category":0,"seoaic_article_subtitles":[],"footnotes":""},"categories":[45],"tags":[],"class_list":["post-5111","post","type-post","status-publish","format-standard","has-post-thumbnail","hentry","category-me"],"acf":[],"yoast_head":"<!-- This site is optimized with the Yoast SEO plugin v27.5 - https:\/\/yoast.com\/product\/yoast-seo-wordpress\/ -->\n<title>Brandkind People: Marika Ojam\u00e4ki &#8211; Brandkind<\/title>\n<meta name=\"description\" content=\"Marika Ojam\u00e4ki on Brandkindin osakas ja Art Director, jonka j\u00e4rjestelm\u00e4llinen ja kurinalainen ote saa kiitosta asiakkailta ja kollegoilta.\" \/>\n<meta name=\"robots\" content=\"index, follow, max-snippet:-1, max-image-preview:large, max-video-preview:-1\" \/>\n<link rel=\"canonical\" href=\"https:\/\/brandkind.fi\/fi\/me\/brandkind-people-marika-ojamaki\/\" \/>\n<meta property=\"og:locale\" content=\"fi_FI\" \/>\n<meta property=\"og:type\" content=\"article\" \/>\n<meta property=\"og:title\" content=\"Brandkind People: Marika Ojam\u00e4ki &#8211; Brandkind\" \/>\n<meta property=\"og:description\" content=\"Marika Ojam\u00e4ki on Brandkindin osakas ja Art Director, jonka j\u00e4rjestelm\u00e4llinen ja kurinalainen ote saa kiitosta asiakkailta ja kollegoilta.\" \/>\n<meta property=\"og:url\" content=\"https:\/\/brandkind.fi\/fi\/me\/brandkind-people-marika-ojamaki\/\" \/>\n<meta property=\"og:site_name\" content=\"Brandkind\" \/>\n<meta property=\"article:publisher\" content=\"https:\/\/www.facebook.com\/brandkind\/\" \/>\n<meta property=\"article:published_time\" content=\"2023-03-14T11:25:00+00:00\" \/>\n<meta property=\"article:modified_time\" content=\"2024-10-10T06:55:45+00:00\" \/>\n<meta property=\"og:image\" content=\"https:\/\/brandkind.fi\/wp-content\/uploads\/2023\/03\/BK_Blog_People_Brandkind-Marika.jpg\" \/>\n\t<meta property=\"og:image:width\" content=\"1920\" \/>\n\t<meta property=\"og:image:height\" content=\"1080\" \/>\n\t<meta property=\"og:image:type\" content=\"image\/jpeg\" \/>\n<meta name=\"author\" content=\"BK-yllapito\" \/>\n<meta name=\"twitter:card\" content=\"summary_large_image\" \/>\n<meta name=\"twitter:label1\" content=\"Kirjoittanut\" \/>\n\t<meta name=\"twitter:data1\" content=\"BK-yllapito\" \/>\n\t<meta name=\"twitter:label2\" content=\"Arvioitu lukuaika\" \/>\n\t<meta name=\"twitter:data2\" content=\"2 minuuttia\" \/>\n<script type=\"application\/ld+json\" class=\"yoast-schema-graph\">{\"@context\":\"https:\\\/\\\/schema.org\",\"@graph\":[{\"@type\":\"Article\",\"@id\":\"https:\\\/\\\/brandkind.fi\\\/fi\\\/me\\\/brandkind-people-marika-ojamaki\\\/#article\",\"isPartOf\":{\"@id\":\"https:\\\/\\\/brandkind.fi\\\/fi\\\/me\\\/brandkind-people-marika-ojamaki\\\/\"},\"author\":{\"name\":\"BK-yllapito\",\"@id\":\"https:\\\/\\\/brandkind.fi\\\/#\\\/schema\\\/person\\\/d5e7e3d0a737509cfe5ddac86a8bbbca\"},\"headline\":\"Brandkind People: Marika Ojam\u00e4ki\",\"datePublished\":\"2023-03-14T11:25:00+00:00\",\"dateModified\":\"2024-10-10T06:55:45+00:00\",\"mainEntityOfPage\":{\"@id\":\"https:\\\/\\\/brandkind.fi\\\/fi\\\/me\\\/brandkind-people-marika-ojamaki\\\/\"},\"wordCount\":409,\"publisher\":{\"@id\":\"https:\\\/\\\/brandkind.fi\\\/#organization\"},\"image\":{\"@id\":\"https:\\\/\\\/brandkind.fi\\\/fi\\\/me\\\/brandkind-people-marika-ojamaki\\\/#primaryimage\"},\"thumbnailUrl\":\"https:\\\/\\\/brandkind.fi\\\/wp-content\\\/uploads\\\/2023\\\/03\\\/BK_Blog_People_Brandkind-Marika.jpg\",\"articleSection\":[\"Me\"],\"inLanguage\":\"fi\"},{\"@type\":\"WebPage\",\"@id\":\"https:\\\/\\\/brandkind.fi\\\/fi\\\/me\\\/brandkind-people-marika-ojamaki\\\/\",\"url\":\"https:\\\/\\\/brandkind.fi\\\/fi\\\/me\\\/brandkind-people-marika-ojamaki\\\/\",\"name\":\"Brandkind People: Marika Ojam\u00e4ki &#8211; Brandkind\",\"isPartOf\":{\"@id\":\"https:\\\/\\\/brandkind.fi\\\/#website\"},\"primaryImageOfPage\":{\"@id\":\"https:\\\/\\\/brandkind.fi\\\/fi\\\/me\\\/brandkind-people-marika-ojamaki\\\/#primaryimage\"},\"image\":{\"@id\":\"https:\\\/\\\/brandkind.fi\\\/fi\\\/me\\\/brandkind-people-marika-ojamaki\\\/#primaryimage\"},\"thumbnailUrl\":\"https:\\\/\\\/brandkind.fi\\\/wp-content\\\/uploads\\\/2023\\\/03\\\/BK_Blog_People_Brandkind-Marika.jpg\",\"datePublished\":\"2023-03-14T11:25:00+00:00\",\"dateModified\":\"2024-10-10T06:55:45+00:00\",\"description\":\"Marika Ojam\u00e4ki on Brandkindin osakas ja Art Director, jonka j\u00e4rjestelm\u00e4llinen ja kurinalainen ote saa kiitosta asiakkailta ja kollegoilta.\",\"breadcrumb\":{\"@id\":\"https:\\\/\\\/brandkind.fi\\\/fi\\\/me\\\/brandkind-people-marika-ojamaki\\\/#breadcrumb\"},\"inLanguage\":\"fi\",\"potentialAction\":[{\"@type\":\"ReadAction\",\"target\":[\"https:\\\/\\\/brandkind.fi\\\/fi\\\/me\\\/brandkind-people-marika-ojamaki\\\/\"]}]},{\"@type\":\"ImageObject\",\"inLanguage\":\"fi\",\"@id\":\"https:\\\/\\\/brandkind.fi\\\/fi\\\/me\\\/brandkind-people-marika-ojamaki\\\/#primaryimage\",\"url\":\"https:\\\/\\\/brandkind.fi\\\/wp-content\\\/uploads\\\/2023\\\/03\\\/BK_Blog_People_Brandkind-Marika.jpg\",\"contentUrl\":\"https:\\\/\\\/brandkind.fi\\\/wp-content\\\/uploads\\\/2023\\\/03\\\/BK_Blog_People_Brandkind-Marika.jpg\",\"width\":1920,\"height\":1080},{\"@type\":\"BreadcrumbList\",\"@id\":\"https:\\\/\\\/brandkind.fi\\\/fi\\\/me\\\/brandkind-people-marika-ojamaki\\\/#breadcrumb\",\"itemListElement\":[{\"@type\":\"ListItem\",\"position\":1,\"name\":\"Home\",\"item\":\"https:\\\/\\\/brandkind.fi\\\/fi\\\/\"},{\"@type\":\"ListItem\",\"position\":2,\"name\":\"Brandkind People: Marika Ojam\u00e4ki\"}]},{\"@type\":\"WebSite\",\"@id\":\"https:\\\/\\\/brandkind.fi\\\/#website\",\"url\":\"https:\\\/\\\/brandkind.fi\\\/\",\"name\":\"Brandkind\",\"description\":\"\",\"publisher\":{\"@id\":\"https:\\\/\\\/brandkind.fi\\\/#organization\"},\"potentialAction\":[{\"@type\":\"SearchAction\",\"target\":{\"@type\":\"EntryPoint\",\"urlTemplate\":\"https:\\\/\\\/brandkind.fi\\\/?s={search_term_string}\"},\"query-input\":{\"@type\":\"PropertyValueSpecification\",\"valueRequired\":true,\"valueName\":\"search_term_string\"}}],\"inLanguage\":\"fi\"},{\"@type\":\"Organization\",\"@id\":\"https:\\\/\\\/brandkind.fi\\\/#organization\",\"name\":\"Brandkind\",\"alternateName\":\"Brandkind\",\"url\":\"https:\\\/\\\/brandkind.fi\\\/\",\"logo\":{\"@type\":\"ImageObject\",\"inLanguage\":\"fi\",\"@id\":\"https:\\\/\\\/brandkind.fi\\\/#\\\/schema\\\/logo\\\/image\\\/\",\"url\":\"https:\\\/\\\/brandkind.fi\\\/wp-content\\\/uploads\\\/2023\\\/11\\\/Brandkind-logo-1.png\",\"contentUrl\":\"https:\\\/\\\/brandkind.fi\\\/wp-content\\\/uploads\\\/2023\\\/11\\\/Brandkind-logo-1.png\",\"width\":1680,\"height\":251,\"caption\":\"Brandkind\"},\"image\":{\"@id\":\"https:\\\/\\\/brandkind.fi\\\/#\\\/schema\\\/logo\\\/image\\\/\"},\"sameAs\":[\"https:\\\/\\\/www.facebook.com\\\/brandkind\\\/\",\"https:\\\/\\\/linkedin.com\\\/company\\\/brandkind\"]},{\"@type\":\"Person\",\"@id\":\"https:\\\/\\\/brandkind.fi\\\/#\\\/schema\\\/person\\\/d5e7e3d0a737509cfe5ddac86a8bbbca\",\"name\":\"BK-yllapito\",\"image\":{\"@type\":\"ImageObject\",\"inLanguage\":\"fi\",\"@id\":\"https:\\\/\\\/secure.gravatar.com\\\/avatar\\\/1f057a9f3f4223dda5af82432c4665f4d7f9d2e8fdebbf0810ba332213d434bf?s=96&d=mm&r=g\",\"url\":\"https:\\\/\\\/secure.gravatar.com\\\/avatar\\\/1f057a9f3f4223dda5af82432c4665f4d7f9d2e8fdebbf0810ba332213d434bf?s=96&d=mm&r=g\",\"contentUrl\":\"https:\\\/\\\/secure.gravatar.com\\\/avatar\\\/1f057a9f3f4223dda5af82432c4665f4d7f9d2e8fdebbf0810ba332213d434bf?s=96&d=mm&r=g\",\"caption\":\"BK-yllapito\"},\"sameAs\":[\"https:\\\/\\\/brandkind.fi\"]}]}<\/script>\n<!-- \/ Yoast SEO plugin. -->","yoast_head_json":{"title":"Brandkind People: Marika Ojam\u00e4ki &#8211; Brandkind","description":"Marika Ojam\u00e4ki on Brandkindin osakas ja Art Director, jonka j\u00e4rjestelm\u00e4llinen ja kurinalainen ote saa kiitosta asiakkailta ja kollegoilta.","robots":{"index":"index","follow":"follow","max-snippet":"max-snippet:-1","max-image-preview":"max-image-preview:large","max-video-preview":"max-video-preview:-1"},"canonical":"https:\/\/brandkind.fi\/fi\/me\/brandkind-people-marika-ojamaki\/","og_locale":"fi_FI","og_type":"article","og_title":"Brandkind People: Marika Ojam\u00e4ki &#8211; Brandkind","og_description":"Marika Ojam\u00e4ki on Brandkindin osakas ja Art Director, jonka j\u00e4rjestelm\u00e4llinen ja kurinalainen ote saa kiitosta asiakkailta ja kollegoilta.","og_url":"https:\/\/brandkind.fi\/fi\/me\/brandkind-people-marika-ojamaki\/","og_site_name":"Brandkind","article_publisher":"https:\/\/www.facebook.com\/brandkind\/","article_published_time":"2023-03-14T11:25:00+00:00","article_modified_time":"2024-10-10T06:55:45+00:00","og_image":[{"width":1920,"height":1080,"url":"https:\/\/brandkind.fi\/wp-content\/uploads\/2023\/03\/BK_Blog_People_Brandkind-Marika.jpg","type":"image\/jpeg"}],"author":"BK-yllapito","twitter_card":"summary_large_image","twitter_misc":{"Kirjoittanut":"BK-yllapito","Arvioitu lukuaika":"2 minuuttia"},"schema":{"@context":"https:\/\/schema.org","@graph":[{"@type":"Article","@id":"https:\/\/brandkind.fi\/fi\/me\/brandkind-people-marika-ojamaki\/#article","isPartOf":{"@id":"https:\/\/brandkind.fi\/fi\/me\/brandkind-people-marika-ojamaki\/"},"author":{"name":"BK-yllapito","@id":"https:\/\/brandkind.fi\/#\/schema\/person\/d5e7e3d0a737509cfe5ddac86a8bbbca"},"headline":"Brandkind People: Marika Ojam\u00e4ki","datePublished":"2023-03-14T11:25:00+00:00","dateModified":"2024-10-10T06:55:45+00:00","mainEntityOfPage":{"@id":"https:\/\/brandkind.fi\/fi\/me\/brandkind-people-marika-ojamaki\/"},"wordCount":409,"publisher":{"@id":"https:\/\/brandkind.fi\/#organization"},"image":{"@id":"https:\/\/brandkind.fi\/fi\/me\/brandkind-people-marika-ojamaki\/#primaryimage"},"thumbnailUrl":"https:\/\/brandkind.fi\/wp-content\/uploads\/2023\/03\/BK_Blog_People_Brandkind-Marika.jpg","articleSection":["Me"],"inLanguage":"fi"},{"@type":"WebPage","@id":"https:\/\/brandkind.fi\/fi\/me\/brandkind-people-marika-ojamaki\/","url":"https:\/\/brandkind.fi\/fi\/me\/brandkind-people-marika-ojamaki\/","name":"Brandkind People: Marika Ojam\u00e4ki &#8211; Brandkind","isPartOf":{"@id":"https:\/\/brandkind.fi\/#website"},"primaryImageOfPage":{"@id":"https:\/\/brandkind.fi\/fi\/me\/brandkind-people-marika-ojamaki\/#primaryimage"},"image":{"@id":"https:\/\/brandkind.fi\/fi\/me\/brandkind-people-marika-ojamaki\/#primaryimage"},"thumbnailUrl":"https:\/\/brandkind.fi\/wp-content\/uploads\/2023\/03\/BK_Blog_People_Brandkind-Marika.jpg","datePublished":"2023-03-14T11:25:00+00:00","dateModified":"2024-10-10T06:55:45+00:00","description":"Marika Ojam\u00e4ki on Brandkindin osakas ja Art Director, jonka j\u00e4rjestelm\u00e4llinen ja kurinalainen ote saa kiitosta asiakkailta ja kollegoilta.","breadcrumb":{"@id":"https:\/\/brandkind.fi\/fi\/me\/brandkind-people-marika-ojamaki\/#breadcrumb"},"inLanguage":"fi","potentialAction":[{"@type":"ReadAction","target":["https:\/\/brandkind.fi\/fi\/me\/brandkind-people-marika-ojamaki\/"]}]},{"@type":"ImageObject","inLanguage":"fi","@id":"https:\/\/brandkind.fi\/fi\/me\/brandkind-people-marika-ojamaki\/#primaryimage","url":"https:\/\/brandkind.fi\/wp-content\/uploads\/2023\/03\/BK_Blog_People_Brandkind-Marika.jpg","contentUrl":"https:\/\/brandkind.fi\/wp-content\/uploads\/2023\/03\/BK_Blog_People_Brandkind-Marika.jpg","width":1920,"height":1080},{"@type":"BreadcrumbList","@id":"https:\/\/brandkind.fi\/fi\/me\/brandkind-people-marika-ojamaki\/#breadcrumb","itemListElement":[{"@type":"ListItem","position":1,"name":"Home","item":"https:\/\/brandkind.fi\/fi\/"},{"@type":"ListItem","position":2,"name":"Brandkind People: Marika Ojam\u00e4ki"}]},{"@type":"WebSite","@id":"https:\/\/brandkind.fi\/#website","url":"https:\/\/brandkind.fi\/","name":"Brandkind","description":"","publisher":{"@id":"https:\/\/brandkind.fi\/#organization"},"potentialAction":[{"@type":"SearchAction","target":{"@type":"EntryPoint","urlTemplate":"https:\/\/brandkind.fi\/?s={search_term_string}"},"query-input":{"@type":"PropertyValueSpecification","valueRequired":true,"valueName":"search_term_string"}}],"inLanguage":"fi"},{"@type":"Organization","@id":"https:\/\/brandkind.fi\/#organization","name":"Brandkind","alternateName":"Brandkind","url":"https:\/\/brandkind.fi\/","logo":{"@type":"ImageObject","inLanguage":"fi","@id":"https:\/\/brandkind.fi\/#\/schema\/logo\/image\/","url":"https:\/\/brandkind.fi\/wp-content\/uploads\/2023\/11\/Brandkind-logo-1.png","contentUrl":"https:\/\/brandkind.fi\/wp-content\/uploads\/2023\/11\/Brandkind-logo-1.png","width":1680,"height":251,"caption":"Brandkind"},"image":{"@id":"https:\/\/brandkind.fi\/#\/schema\/logo\/image\/"},"sameAs":["https:\/\/www.facebook.com\/brandkind\/","https:\/\/linkedin.com\/company\/brandkind"]},{"@type":"Person","@id":"https:\/\/brandkind.fi\/#\/schema\/person\/d5e7e3d0a737509cfe5ddac86a8bbbca","name":"BK-yllapito","image":{"@type":"ImageObject","inLanguage":"fi","@id":"https:\/\/secure.gravatar.com\/avatar\/1f057a9f3f4223dda5af82432c4665f4d7f9d2e8fdebbf0810ba332213d434bf?s=96&d=mm&r=g","url":"https:\/\/secure.gravatar.com\/avatar\/1f057a9f3f4223dda5af82432c4665f4d7f9d2e8fdebbf0810ba332213d434bf?s=96&d=mm&r=g","contentUrl":"https:\/\/secure.gravatar.com\/avatar\/1f057a9f3f4223dda5af82432c4665f4d7f9d2e8fdebbf0810ba332213d434bf?s=96&d=mm&r=g","caption":"BK-yllapito"},"sameAs":["https:\/\/brandkind.fi"]}]}},"_links":{"self":[{"href":"https:\/\/brandkind.fi\/fi\/wp-json\/wp\/v2\/posts\/5111","targetHints":{"allow":["GET"]}}],"collection":[{"href":"https:\/\/brandkind.fi\/fi\/wp-json\/wp\/v2\/posts"}],"about":[{"href":"https:\/\/brandkind.fi\/fi\/wp-json\/wp\/v2\/types\/post"}],"author":[{"embeddable":true,"href":"https:\/\/brandkind.fi\/fi\/wp-json\/wp\/v2\/users\/1"}],"replies":[{"embeddable":true,"href":"https:\/\/brandkind.fi\/fi\/wp-json\/wp\/v2\/comments?post=5111"}],"version-history":[{"count":4,"href":"https:\/\/brandkind.fi\/fi\/wp-json\/wp\/v2\/posts\/5111\/revisions"}],"predecessor-version":[{"id":5377,"href":"https:\/\/brandkind.fi\/fi\/wp-json\/wp\/v2\/posts\/5111\/revisions\/5377"}],"wp:featuredmedia":[{"embeddable":true,"href":"https:\/\/brandkind.fi\/fi\/wp-json\/wp\/v2\/media\/4764"}],"wp:attachment":[{"href":"https:\/\/brandkind.fi\/fi\/wp-json\/wp\/v2\/media?parent=5111"}],"wp:term":[{"taxonomy":"category","embeddable":true,"href":"https:\/\/brandkind.fi\/fi\/wp-json\/wp\/v2\/categories?post=5111"},{"taxonomy":"post_tag","embeddable":true,"href":"https:\/\/brandkind.fi\/fi\/wp-json\/wp\/v2\/tags?post=5111"}],"curies":[{"name":"wp","href":"https:\/\/api.w.org\/{rel}","templated":true}]}}